{"id":360,"date":"2022-03-14T19:17:34","date_gmt":"2022-03-14T19:17:34","guid":{"rendered":"https:\/\/elsotanoanalogico.com\/?p=360"},"modified":"2022-03-14T19:23:24","modified_gmt":"2022-03-14T19:23:24","slug":"aniba","status":"publish","type":"post","link":"https:\/\/elsotanoanalogico.com\/index.php\/2022\/03\/14\/aniba\/","title":{"rendered":"An\u00edba"},"content":{"rendered":"\n<p>An\u00edba nos ofrece una tarde de \u201cVersoter\u00edsmo\u201d el show de An\u00edba Faycan con su inigualable arte de improvisaci\u00f3n que van desde la poes\u00eda, la m\u00fasica, el rap freestyle y un poco de tarot. <\/p>\n\n\n\n<figure class=\"wp-block-image size-full is-style-default\"><img loading=\"lazy\" decoding=\"async\" width=\"750\" height=\"938\" src=\"https:\/\/elsotanoanalogico.com\/wp-content\/uploads\/2022\/03\/aniba-sotano-2022-marzo.jpg\" alt=\"\" class=\"wp-image-362\" srcset=\"https:\/\/elsotanoanalogico.com\/wp-content\/uploads\/2022\/03\/aniba-sotano-2022-marzo.jpg 750w, https:\/\/elsotanoanalogico.com\/wp-content\/uploads\/2022\/03\/aniba-sotano-2022-marzo-240x300.jpg 240w, https:\/\/elsotanoanalogico.com\/wp-content\/uploads\/2022\/03\/aniba-sotano-2022-marzo-600x750.jpg 600w\" sizes=\"auto, (max-width: 750px) 100vw, 750px\" \/><\/figure>\n\n\n\n<p>Apertura a las 19:30 y concierto a las 20:00h puntual. 8\u20ac con consumici\u00f3n. Reserva por <a rel=\"noreferrer noopener\" href=\"https:\/\/www.instagram.com\/elsotanoanalogico\/\" target=\"_blank\">Instagram<\/a> o al n\u00famero indicado en el cartel para luego pagar por bizum. <strong>Solo con entrada anticipada.<\/strong> Aforo muy limitado.<\/p>\n","protected":false},"excerpt":{"rendered":"<p>An\u00edba nos ofrece una tarde de \u201cVersoter\u00edsmo\u201d el show de An\u00edba Faycan con su inigualable arte de improvisaci\u00f3n que van desde la poes\u00eda, la m\u00fasica, el rap freestyle y un [&hellip;]<\/p>\n","protected":false},"author":2,"featured_media":0,"comment_status":"closed","ping_status":"closed","sticky":false,"template":"","format":"standard","meta":{"footnotes":""},"categories":[12,1,55,15],"tags":[],"class_list":["post-360","post","type-post","status-publish","format-standard","hentry","category-conciertos","category-general","category-performance","category-recital"],"_links":{"self":[{"href":"https:\/\/elsotanoanalogico.com\/index.php\/wp-json\/wp\/v2\/posts\/360","targetHints":{"allow":["GET"]}}],"collection":[{"href":"https:\/\/elsotanoanalogico.com\/index.php\/wp-json\/wp\/v2\/posts"}],"about":[{"href":"https:\/\/elsotanoanalogico.com\/index.php\/wp-json\/wp\/v2\/types\/post"}],"author":[{"embeddable":true,"href":"https:\/\/elsotanoanalogico.com\/index.php\/wp-json\/wp\/v2\/users\/2"}],"replies":[{"embeddable":true,"href":"https:\/\/elsotanoanalogico.com\/index.php\/wp-json\/wp\/v2\/comments?post=360"}],"version-history":[{"count":1,"href":"https:\/\/elsotanoanalogico.com\/index.php\/wp-json\/wp\/v2\/posts\/360\/revisions"}],"predecessor-version":[{"id":364,"href":"https:\/\/elsotanoanalogico.com\/index.php\/wp-json\/wp\/v2\/posts\/360\/revisions\/364"}],"wp:attachment":[{"href":"https:\/\/elsotanoanalogico.com\/index.php\/wp-json\/wp\/v2\/media?parent=360"}],"wp:term":[{"taxonomy":"category","embeddable":true,"href":"https:\/\/elsotanoanalogico.com\/index.php\/wp-json\/wp\/v2\/categories?post=360"},{"taxonomy":"post_tag","embeddable":true,"href":"https:\/\/elsotanoanalogico.com\/index.php\/wp-json\/wp\/v2\/tags?post=360"}],"curies":[{"name":"wp","href":"https:\/\/api.w.org\/{rel}","templated":true}]}}