{"id":366,"date":"2022-03-21T14:55:07","date_gmt":"2022-03-21T14:55:07","guid":{"rendered":"https:\/\/elsotanoanalogico.com\/?p=366"},"modified":"2022-03-21T14:55:07","modified_gmt":"2022-03-21T14:55:07","slug":"brian-perdomo","status":"publish","type":"post","link":"https:\/\/elsotanoanalogico.com\/index.php\/2022\/03\/21\/brian-perdomo\/","title":{"rendered":"Brian Perdomo"},"content":{"rendered":"\n<p>Brian Perdomo trae buenas vibraciones con su estilo entre reagge y cantautor en un ambiente de buen rollo y relax con su voz y guitarra. 7\u20ac con consumici\u00f3n.<\/p>\n\n\n\n<figure class=\"wp-block-image size-large is-style-default\"><img loading=\"lazy\" decoding=\"async\" width=\"1024\" height=\"1024\" src=\"https:\/\/elsotanoanalogico.com\/wp-content\/uploads\/2022\/03\/Brian-Perdomo-Cartel-2022-1024x1024.jpeg\" alt=\"\" class=\"wp-image-368\" srcset=\"https:\/\/elsotanoanalogico.com\/wp-content\/uploads\/2022\/03\/Brian-Perdomo-Cartel-2022-1024x1024.jpeg 1024w, https:\/\/elsotanoanalogico.com\/wp-content\/uploads\/2022\/03\/Brian-Perdomo-Cartel-2022-300x300.jpeg 300w, https:\/\/elsotanoanalogico.com\/wp-content\/uploads\/2022\/03\/Brian-Perdomo-Cartel-2022-150x150.jpeg 150w, https:\/\/elsotanoanalogico.com\/wp-content\/uploads\/2022\/03\/Brian-Perdomo-Cartel-2022-768x768.jpeg 768w, https:\/\/elsotanoanalogico.com\/wp-content\/uploads\/2022\/03\/Brian-Perdomo-Cartel-2022-450x450.jpeg 450w, https:\/\/elsotanoanalogico.com\/wp-content\/uploads\/2022\/03\/Brian-Perdomo-Cartel-2022-600x600.jpeg 600w, https:\/\/elsotanoanalogico.com\/wp-content\/uploads\/2022\/03\/Brian-Perdomo-Cartel-2022-100x100.jpeg 100w, https:\/\/elsotanoanalogico.com\/wp-content\/uploads\/2022\/03\/Brian-Perdomo-Cartel-2022.jpeg 1080w\" sizes=\"auto, (max-width: 1024px) 100vw, 1024px\" \/><\/figure>\n\n\n\n<p>S\u00e1bado 26 de Marzo. Apertura a las 19:30h y concierto a las 20:00h. Venta solo anticipada. Aforo muy limitado. M\u00e1s informaci\u00f3n y reservas en el Instagram <a rel=\"noreferrer noopener\" href=\"https:\/\/www.instagram.com\/brianperdomomusic\/\" target=\"_blank\">brianperdomomusic<\/a>, <a rel=\"noreferrer noopener\" href=\"https:\/\/www.instagram.com\/elsotanoanalogico\/\" target=\"_blank\">elsotanoanalogico<\/a> o al n\u00famero de tel\u00e9fono 622 197 946. <\/p>\n","protected":false},"excerpt":{"rendered":"<p>Brian Perdomo trae buenas vibraciones con su estilo entre reagge y cantautor en un ambiente de buen rollo y relax con su voz y guitarra. 7\u20ac con consumici\u00f3n. S\u00e1bado 26 [&hellip;]<\/p>\n","protected":false},"author":2,"featured_media":0,"comment_status":"closed","ping_status":"closed","sticky":false,"template":"","format":"standard","meta":{"footnotes":""},"categories":[12,2,1],"tags":[],"class_list":["post-366","post","type-post","status-publish","format-standard","hentry","category-conciertos","category-eventos","category-general"],"_links":{"self":[{"href":"https:\/\/elsotanoanalogico.com\/index.php\/wp-json\/wp\/v2\/posts\/366","targetHints":{"allow":["GET"]}}],"collection":[{"href":"https:\/\/elsotanoanalogico.com\/index.php\/wp-json\/wp\/v2\/posts"}],"about":[{"href":"https:\/\/elsotanoanalogico.com\/index.php\/wp-json\/wp\/v2\/types\/post"}],"author":[{"embeddable":true,"href":"https:\/\/elsotanoanalogico.com\/index.php\/wp-json\/wp\/v2\/users\/2"}],"replies":[{"embeddable":true,"href":"https:\/\/elsotanoanalogico.com\/index.php\/wp-json\/wp\/v2\/comments?post=366"}],"version-history":[{"count":1,"href":"https:\/\/elsotanoanalogico.com\/index.php\/wp-json\/wp\/v2\/posts\/366\/revisions"}],"predecessor-version":[{"id":369,"href":"https:\/\/elsotanoanalogico.com\/index.php\/wp-json\/wp\/v2\/posts\/366\/revisions\/369"}],"wp:attachment":[{"href":"https:\/\/elsotanoanalogico.com\/index.php\/wp-json\/wp\/v2\/media?parent=366"}],"wp:term":[{"taxonomy":"category","embeddable":true,"href":"https:\/\/elsotanoanalogico.com\/index.php\/wp-json\/wp\/v2\/categories?post=366"},{"taxonomy":"post_tag","embeddable":true,"href":"https:\/\/elsotanoanalogico.com\/index.php\/wp-json\/wp\/v2\/tags?post=366"}],"curies":[{"name":"wp","href":"https:\/\/api.w.org\/{rel}","templated":true}]}}