{"id":379,"date":"2022-04-04T11:36:15","date_gmt":"2022-04-04T10:36:15","guid":{"rendered":"https:\/\/elsotanoanalogico.com\/?p=379"},"modified":"2022-04-04T11:36:15","modified_gmt":"2022-04-04T10:36:15","slug":"alba-rodriguez","status":"publish","type":"post","link":"https:\/\/elsotanoanalogico.com\/index.php\/2022\/04\/04\/alba-rodriguez\/","title":{"rendered":"Alba Rodr\u00edguez"},"content":{"rendered":"\n<p>El s\u00e1bado 9 de abril tendremos una joven promesa canaria, cantante a voz y piano, Alba Rodr\u00edguez en un pase doble en El S\u00f3tano Anal\u00f3gico.<\/p>\n\n\n\n<figure class=\"wp-block-image size-large is-style-default\"><img loading=\"lazy\" decoding=\"async\" width=\"724\" height=\"1024\" src=\"https:\/\/elsotanoanalogico.com\/wp-content\/uploads\/2022\/04\/Alba-Rodri\u0301guez-Cartel-So\u0301tano-Analo\u0301gico-2022-724x1024.png\" alt=\"\" class=\"wp-image-381\" srcset=\"https:\/\/elsotanoanalogico.com\/wp-content\/uploads\/2022\/04\/Alba-Rodri\u0301guez-Cartel-So\u0301tano-Analo\u0301gico-2022-724x1024.png 724w, https:\/\/elsotanoanalogico.com\/wp-content\/uploads\/2022\/04\/Alba-Rodri\u0301guez-Cartel-So\u0301tano-Analo\u0301gico-2022-212x300.png 212w, https:\/\/elsotanoanalogico.com\/wp-content\/uploads\/2022\/04\/Alba-Rodri\u0301guez-Cartel-So\u0301tano-Analo\u0301gico-2022-768x1086.png 768w, https:\/\/elsotanoanalogico.com\/wp-content\/uploads\/2022\/04\/Alba-Rodri\u0301guez-Cartel-So\u0301tano-Analo\u0301gico-2022-1086x1536.png 1086w, https:\/\/elsotanoanalogico.com\/wp-content\/uploads\/2022\/04\/Alba-Rodri\u0301guez-Cartel-So\u0301tano-Analo\u0301gico-2022-1448x2048.png 1448w, https:\/\/elsotanoanalogico.com\/wp-content\/uploads\/2022\/04\/Alba-Rodri\u0301guez-Cartel-So\u0301tano-Analo\u0301gico-2022-1200x1698.png 1200w, https:\/\/elsotanoanalogico.com\/wp-content\/uploads\/2022\/04\/Alba-Rodri\u0301guez-Cartel-So\u0301tano-Analo\u0301gico-2022-600x849.png 600w, https:\/\/elsotanoanalogico.com\/wp-content\/uploads\/2022\/04\/Alba-Rodri\u0301guez-Cartel-So\u0301tano-Analo\u0301gico-2022.png 1587w\" sizes=\"auto, (max-width: 724px) 100vw, 724px\" \/><figcaption>Cartel de la joven cantante Alba Rodr\u00edguez en El S\u00f3tano Anal\u00f3gico.<\/figcaption><\/figure>\n\n\n\n<p>5\u20ac con consumici\u00f3n incluida.<br>Consigue el pase a la hora que mejor te convenga: <br>\u00b7<strong>Primer pase 19:00h<\/strong> apertura a las 18:45h.<br>\u00b7<strong>Segundo pase 20:30h<\/strong> apertura a las 20:15h<br>Aforo muy limitado.<br>Consigue tu entrada para el evento en el Instagram de <a rel=\"noreferrer noopener\" href=\"https:\/\/www.instagram.com\/avecesalba\/\" target=\"_blank\">@avecesalba<\/a> o en el tel\u00e9fono 629 541 236. <\/p>\n","protected":false},"excerpt":{"rendered":"<p>El s\u00e1bado 9 de abril tendremos una joven promesa canaria, cantante a voz y piano, Alba Rodr\u00edguez en un pase doble en El S\u00f3tano Anal\u00f3gico. 5\u20ac con consumici\u00f3n incluida.Consigue el [&hellip;]<\/p>\n","protected":false},"author":2,"featured_media":0,"comment_status":"closed","ping_status":"closed","sticky":false,"template":"","format":"standard","meta":{"footnotes":""},"categories":[12,2,1],"tags":[],"class_list":["post-379","post","type-post","status-publish","format-standard","hentry","category-conciertos","category-eventos","category-general"],"_links":{"self":[{"href":"https:\/\/elsotanoanalogico.com\/index.php\/wp-json\/wp\/v2\/posts\/379","targetHints":{"allow":["GET"]}}],"collection":[{"href":"https:\/\/elsotanoanalogico.com\/index.php\/wp-json\/wp\/v2\/posts"}],"about":[{"href":"https:\/\/elsotanoanalogico.com\/index.php\/wp-json\/wp\/v2\/types\/post"}],"author":[{"embeddable":true,"href":"https:\/\/elsotanoanalogico.com\/index.php\/wp-json\/wp\/v2\/users\/2"}],"replies":[{"embeddable":true,"href":"https:\/\/elsotanoanalogico.com\/index.php\/wp-json\/wp\/v2\/comments?post=379"}],"version-history":[{"count":1,"href":"https:\/\/elsotanoanalogico.com\/index.php\/wp-json\/wp\/v2\/posts\/379\/revisions"}],"predecessor-version":[{"id":382,"href":"https:\/\/elsotanoanalogico.com\/index.php\/wp-json\/wp\/v2\/posts\/379\/revisions\/382"}],"wp:attachment":[{"href":"https:\/\/elsotanoanalogico.com\/index.php\/wp-json\/wp\/v2\/media?parent=379"}],"wp:term":[{"taxonomy":"category","embeddable":true,"href":"https:\/\/elsotanoanalogico.com\/index.php\/wp-json\/wp\/v2\/categories?post=379"},{"taxonomy":"post_tag","embeddable":true,"href":"https:\/\/elsotanoanalogico.com\/index.php\/wp-json\/wp\/v2\/tags?post=379"}],"curies":[{"name":"wp","href":"https:\/\/api.w.org\/{rel}","templated":true}]}}