{"id":391,"date":"2022-04-11T13:44:44","date_gmt":"2022-04-11T12:44:44","guid":{"rendered":"https:\/\/elsotanoanalogico.com\/?p=391"},"modified":"2022-04-11T13:48:48","modified_gmt":"2022-04-11T12:48:48","slug":"palabra-de-bruja","status":"publish","type":"post","link":"https:\/\/elsotanoanalogico.com\/index.php\/2022\/04\/11\/palabra-de-bruja\/","title":{"rendered":"Palabra de Bruja"},"content":{"rendered":"\n<p>El Mercado de Las Brujas presenta una noche de poes\u00eda con fantas\u00eda ochentera. Inspirado en el programa de TV, La Bola de Cristal \ud83d\udd2e<\/p>\n\n\n\n<figure class=\"wp-block-image size-large is-style-default\"><img loading=\"lazy\" decoding=\"async\" width=\"1024\" height=\"1024\" src=\"https:\/\/elsotanoanalogico.com\/wp-content\/uploads\/2022\/04\/elmercadodelasbrujaslp_cartel-1024x1024.jpg\" alt=\"cartel palabra de bruja con todo agotado en el s\u00f3tano anal\u00f3gico\" class=\"wp-image-397\" srcset=\"https:\/\/elsotanoanalogico.com\/wp-content\/uploads\/2022\/04\/elmercadodelasbrujaslp_cartel-1024x1024.jpg 1024w, https:\/\/elsotanoanalogico.com\/wp-content\/uploads\/2022\/04\/elmercadodelasbrujaslp_cartel-300x300.jpg 300w, https:\/\/elsotanoanalogico.com\/wp-content\/uploads\/2022\/04\/elmercadodelasbrujaslp_cartel-150x150.jpg 150w, https:\/\/elsotanoanalogico.com\/wp-content\/uploads\/2022\/04\/elmercadodelasbrujaslp_cartel-768x768.jpg 768w, https:\/\/elsotanoanalogico.com\/wp-content\/uploads\/2022\/04\/elmercadodelasbrujaslp_cartel-450x450.jpg 450w, https:\/\/elsotanoanalogico.com\/wp-content\/uploads\/2022\/04\/elmercadodelasbrujaslp_cartel-600x600.jpg 600w, https:\/\/elsotanoanalogico.com\/wp-content\/uploads\/2022\/04\/elmercadodelasbrujaslp_cartel-100x100.jpg 100w, https:\/\/elsotanoanalogico.com\/wp-content\/uploads\/2022\/04\/elmercadodelasbrujaslp_cartel.jpg 1080w\" sizes=\"auto, (max-width: 1024px) 100vw, 1024px\" \/><figcaption>Nuevo cartel con cambio de \u00faltima hora y ya todas las entradas agotadas<\/figcaption><\/figure>\n\n\n\n<p>Las 5 voces femeninas y feministas principales de la noche son:\u00a0<br>Sarah Pacheco <a href=\"https:\/\/www.instagram.com\/saritaconhache\/\">@saritaconhache<\/a>\u00a0<br>Celia S\u00e1nchez <a href=\"https:\/\/www.instagram.com\/celiasancheznarracion\/\">@celiasancheznarracion<\/a>\u00a0<br>Jacarand\u00e1 Disidente <a href=\"https:\/\/www.instagram.com\/jacaranda_disidente\/\">@jacaranda_disidente<\/a>\u00a0<br>Silvia Elena Machado <a href=\"https:\/\/www.instagram.com\/silviaelenamachado\/\">@silviaelenamachado<\/a>\u00a0<br>Susana Reixa <a href=\"https:\/\/www.instagram.com\/cristinamahelo\/\"><\/a><a href=\"https:\/\/www.instagram.com\/susanareixa\/\">@susanareixa<\/a><\/p>\n\n\n\n<p>\ud83c\udfa4 Despu\u00e9s habr\u00e1 micro abierto de poes\u00eda, para que qui\u00e9n quiera, pueda recitarla. \u00a1Recuerda venir con tus galas ochenteras!\u00a0<\/p>\n\n\n\n<figure class=\"wp-block-image size-large is-style-default\"><img loading=\"lazy\" decoding=\"async\" width=\"1024\" height=\"1024\" src=\"https:\/\/elsotanoanalogico.com\/wp-content\/uploads\/2022\/04\/mercadodelas-1024x1024.jpeg\" alt=\"\" class=\"wp-image-394\" srcset=\"https:\/\/elsotanoanalogico.com\/wp-content\/uploads\/2022\/04\/mercadodelas-1024x1024.jpeg 1024w, https:\/\/elsotanoanalogico.com\/wp-content\/uploads\/2022\/04\/mercadodelas-300x300.jpeg 300w, https:\/\/elsotanoanalogico.com\/wp-content\/uploads\/2022\/04\/mercadodelas-150x150.jpeg 150w, https:\/\/elsotanoanalogico.com\/wp-content\/uploads\/2022\/04\/mercadodelas-768x768.jpeg 768w, https:\/\/elsotanoanalogico.com\/wp-content\/uploads\/2022\/04\/mercadodelas-1200x1200.jpeg 1200w, https:\/\/elsotanoanalogico.com\/wp-content\/uploads\/2022\/04\/mercadodelas-450x450.jpeg 450w, https:\/\/elsotanoanalogico.com\/wp-content\/uploads\/2022\/04\/mercadodelas-600x600.jpeg 600w, https:\/\/elsotanoanalogico.com\/wp-content\/uploads\/2022\/04\/mercadodelas-100x100.jpeg 100w, https:\/\/elsotanoanalogico.com\/wp-content\/uploads\/2022\/04\/mercadodelas.jpeg 1280w\" sizes=\"auto, (max-width: 1024px) 100vw, 1024px\" \/><figcaption>Cartel anterior, la \u00faltima ha sido sustituida por Susana Reix<\/figcaption><\/figure>\n","protected":false},"excerpt":{"rendered":"<p>El Mercado de Las Brujas presenta una noche de poes\u00eda con fantas\u00eda ochentera. Inspirado en el programa de TV, La Bola de Cristal \ud83d\udd2e Las 5 voces femeninas y feministas [&hellip;]<\/p>\n","protected":false},"author":2,"featured_media":0,"comment_status":"closed","ping_status":"closed","sticky":false,"template":"","format":"standard","meta":{"footnotes":""},"categories":[15],"tags":[],"class_list":["post-391","post","type-post","status-publish","format-standard","hentry","category-recital"],"_links":{"self":[{"href":"https:\/\/elsotanoanalogico.com\/index.php\/wp-json\/wp\/v2\/posts\/391","targetHints":{"allow":["GET"]}}],"collection":[{"href":"https:\/\/elsotanoanalogico.com\/index.php\/wp-json\/wp\/v2\/posts"}],"about":[{"href":"https:\/\/elsotanoanalogico.com\/index.php\/wp-json\/wp\/v2\/types\/post"}],"author":[{"embeddable":true,"href":"https:\/\/elsotanoanalogico.com\/index.php\/wp-json\/wp\/v2\/users\/2"}],"replies":[{"embeddable":true,"href":"https:\/\/elsotanoanalogico.com\/index.php\/wp-json\/wp\/v2\/comments?post=391"}],"version-history":[{"count":4,"href":"https:\/\/elsotanoanalogico.com\/index.php\/wp-json\/wp\/v2\/posts\/391\/revisions"}],"predecessor-version":[{"id":399,"href":"https:\/\/elsotanoanalogico.com\/index.php\/wp-json\/wp\/v2\/posts\/391\/revisions\/399"}],"wp:attachment":[{"href":"https:\/\/elsotanoanalogico.com\/index.php\/wp-json\/wp\/v2\/media?parent=391"}],"wp:term":[{"taxonomy":"category","embeddable":true,"href":"https:\/\/elsotanoanalogico.com\/index.php\/wp-json\/wp\/v2\/categories?post=391"},{"taxonomy":"post_tag","embeddable":true,"href":"https:\/\/elsotanoanalogico.com\/index.php\/wp-json\/wp\/v2\/tags?post=391"}],"curies":[{"name":"wp","href":"https:\/\/api.w.org\/{rel}","templated":true}]}}