{"id":409,"date":"2022-04-24T18:37:07","date_gmt":"2022-04-24T17:37:07","guid":{"rendered":"https:\/\/elsotanoanalogico.com\/?p=409"},"modified":"2022-04-24T18:37:29","modified_gmt":"2022-04-24T17:37:29","slug":"aldara","status":"publish","type":"post","link":"https:\/\/elsotanoanalogico.com\/index.php\/2022\/04\/24\/aldara\/","title":{"rendered":"Aldara"},"content":{"rendered":"\n<p>Concierto de Aldara, con Derque Mart\u00edn a la guitarra. Aldara es compositora y cantante de temas fusi\u00f3n entre pop, latino y urbano.<\/p>\n\n\n\n<figure class=\"wp-block-image size-large is-style-default\"><img loading=\"lazy\" decoding=\"async\" width=\"819\" height=\"1024\" src=\"https:\/\/elsotanoanalogico.com\/wp-content\/uploads\/2022\/04\/aldara29abril2022-819x1024.jpeg\" alt=\"\" class=\"wp-image-411\" srcset=\"https:\/\/elsotanoanalogico.com\/wp-content\/uploads\/2022\/04\/aldara29abril2022-819x1024.jpeg 819w, https:\/\/elsotanoanalogico.com\/wp-content\/uploads\/2022\/04\/aldara29abril2022-240x300.jpeg 240w, https:\/\/elsotanoanalogico.com\/wp-content\/uploads\/2022\/04\/aldara29abril2022-768x960.jpeg 768w, https:\/\/elsotanoanalogico.com\/wp-content\/uploads\/2022\/04\/aldara29abril2022-600x750.jpeg 600w, https:\/\/elsotanoanalogico.com\/wp-content\/uploads\/2022\/04\/aldara29abril2022.jpeg 1080w\" sizes=\"auto, (max-width: 819px) 100vw, 819px\" \/><\/figure>\n\n\n\n<p>Podr\u00e1s disfrutarlo en uno de sus 2 pases. Viernes 29 de abril las 19:00h <s>y a las 20:30h<\/s>. 10\u20ac con una consumici\u00f3n. \u00a1Corre que las entradas vuelan! Para comprarlas contacta por nuestro <a rel=\"noreferrer noopener\" href=\"https:\/\/www.instagram.com\/elsotanoanalogico\/\" target=\"_blank\">Instagram (El S\u00f3tano Anal\u00f3gico)<\/a> o en nuestro correo electr\u00f3nico. <\/p>\n\n\n\n<p><br>(Actualizaci\u00f3n: ya solo quedan entradas para el pase de las 19:00h).<\/p>\n","protected":false},"excerpt":{"rendered":"<p>Concierto de Aldara, con Derque Mart\u00edn a la guitarra. Aldara es compositora y cantante de temas fusi\u00f3n entre pop, latino y urbano. Podr\u00e1s disfrutarlo en uno de sus 2 pases. [&hellip;]<\/p>\n","protected":false},"author":2,"featured_media":0,"comment_status":"closed","ping_status":"closed","sticky":false,"template":"","format":"standard","meta":{"footnotes":""},"categories":[12,2,1],"tags":[],"class_list":["post-409","post","type-post","status-publish","format-standard","hentry","category-conciertos","category-eventos","category-general"],"_links":{"self":[{"href":"https:\/\/elsotanoanalogico.com\/index.php\/wp-json\/wp\/v2\/posts\/409","targetHints":{"allow":["GET"]}}],"collection":[{"href":"https:\/\/elsotanoanalogico.com\/index.php\/wp-json\/wp\/v2\/posts"}],"about":[{"href":"https:\/\/elsotanoanalogico.com\/index.php\/wp-json\/wp\/v2\/types\/post"}],"author":[{"embeddable":true,"href":"https:\/\/elsotanoanalogico.com\/index.php\/wp-json\/wp\/v2\/users\/2"}],"replies":[{"embeddable":true,"href":"https:\/\/elsotanoanalogico.com\/index.php\/wp-json\/wp\/v2\/comments?post=409"}],"version-history":[{"count":2,"href":"https:\/\/elsotanoanalogico.com\/index.php\/wp-json\/wp\/v2\/posts\/409\/revisions"}],"predecessor-version":[{"id":413,"href":"https:\/\/elsotanoanalogico.com\/index.php\/wp-json\/wp\/v2\/posts\/409\/revisions\/413"}],"wp:attachment":[{"href":"https:\/\/elsotanoanalogico.com\/index.php\/wp-json\/wp\/v2\/media?parent=409"}],"wp:term":[{"taxonomy":"category","embeddable":true,"href":"https:\/\/elsotanoanalogico.com\/index.php\/wp-json\/wp\/v2\/categories?post=409"},{"taxonomy":"post_tag","embeddable":true,"href":"https:\/\/elsotanoanalogico.com\/index.php\/wp-json\/wp\/v2\/tags?post=409"}],"curies":[{"name":"wp","href":"https:\/\/api.w.org\/{rel}","templated":true}]}}