{"id":416,"date":"2022-05-02T13:20:19","date_gmt":"2022-05-02T12:20:19","guid":{"rendered":"https:\/\/elsotanoanalogico.com\/?p=416"},"modified":"2022-05-02T13:38:35","modified_gmt":"2022-05-02T12:38:35","slug":"adonay-santana","status":"publish","type":"post","link":"https:\/\/elsotanoanalogico.com\/index.php\/2022\/05\/02\/adonay-santana\/","title":{"rendered":"Adonay Santana"},"content":{"rendered":"\n<p>El m\u00fasico y cantante Adonay Santana viene a mostar su repertorio de su nuevo EP J\u00fapiter a El S\u00f3tano Anal\u00f3gico en formato ac\u00fastico. <br><\/p>\n\n\n\n<p>Sus escuchas superan los 2 millones de reproduciones en Spotify. Est\u00e1 nomiado en los Premios MIN 2022 como, mejor artista emergente, mejor canci\u00f3n del a\u00f1o, mejor letra original y mejor producci\u00f3n musical.<\/p>\n\n\n\n<figure class=\"wp-block-image size-large is-style-default\"><img loading=\"lazy\" decoding=\"async\" width=\"723\" height=\"1024\" src=\"https:\/\/elsotanoanalogico.com\/wp-content\/uploads\/2022\/05\/adonay_2022_lar-723x1024.jpeg\" alt=\"\" class=\"wp-image-418\" srcset=\"https:\/\/elsotanoanalogico.com\/wp-content\/uploads\/2022\/05\/adonay_2022_lar-723x1024.jpeg 723w, https:\/\/elsotanoanalogico.com\/wp-content\/uploads\/2022\/05\/adonay_2022_lar-212x300.jpeg 212w, https:\/\/elsotanoanalogico.com\/wp-content\/uploads\/2022\/05\/adonay_2022_lar-768x1087.jpeg 768w, https:\/\/elsotanoanalogico.com\/wp-content\/uploads\/2022\/05\/adonay_2022_lar-600x850.jpeg 600w, https:\/\/elsotanoanalogico.com\/wp-content\/uploads\/2022\/05\/adonay_2022_lar.jpeg 904w\" sizes=\"auto, (max-width: 723px) 100vw, 723px\" \/><\/figure>\n\n\n\n<p>El concierto ser\u00e1 el viernes 6 de Mayo a las 20:00h. 5\u20ac con consumici\u00f3n. Entradas disponibles solo anticipadas. Consiguelas en <a href=\"https:\/\/entradium.com\/es\/events\/adonay-santana-en-acustico\">https:\/\/entradium.com\/es\/events\/adonay-santana-en-acustico<\/a><\/p>\n","protected":false},"excerpt":{"rendered":"<p>El m\u00fasico y cantante Adonay Santana viene a mostar su repertorio de su nuevo EP J\u00fapiter a El S\u00f3tano Anal\u00f3gico en formato ac\u00fastico. Sus escuchas superan los 2 millones de [&hellip;]<\/p>\n","protected":false},"author":2,"featured_media":0,"comment_status":"closed","ping_status":"closed","sticky":false,"template":"","format":"standard","meta":{"footnotes":""},"categories":[12,2,1],"tags":[],"class_list":["post-416","post","type-post","status-publish","format-standard","hentry","category-conciertos","category-eventos","category-general"],"_links":{"self":[{"href":"https:\/\/elsotanoanalogico.com\/index.php\/wp-json\/wp\/v2\/posts\/416","targetHints":{"allow":["GET"]}}],"collection":[{"href":"https:\/\/elsotanoanalogico.com\/index.php\/wp-json\/wp\/v2\/posts"}],"about":[{"href":"https:\/\/elsotanoanalogico.com\/index.php\/wp-json\/wp\/v2\/types\/post"}],"author":[{"embeddable":true,"href":"https:\/\/elsotanoanalogico.com\/index.php\/wp-json\/wp\/v2\/users\/2"}],"replies":[{"embeddable":true,"href":"https:\/\/elsotanoanalogico.com\/index.php\/wp-json\/wp\/v2\/comments?post=416"}],"version-history":[{"count":3,"href":"https:\/\/elsotanoanalogico.com\/index.php\/wp-json\/wp\/v2\/posts\/416\/revisions"}],"predecessor-version":[{"id":422,"href":"https:\/\/elsotanoanalogico.com\/index.php\/wp-json\/wp\/v2\/posts\/416\/revisions\/422"}],"wp:attachment":[{"href":"https:\/\/elsotanoanalogico.com\/index.php\/wp-json\/wp\/v2\/media?parent=416"}],"wp:term":[{"taxonomy":"category","embeddable":true,"href":"https:\/\/elsotanoanalogico.com\/index.php\/wp-json\/wp\/v2\/categories?post=416"},{"taxonomy":"post_tag","embeddable":true,"href":"https:\/\/elsotanoanalogico.com\/index.php\/wp-json\/wp\/v2\/tags?post=416"}],"curies":[{"name":"wp","href":"https:\/\/api.w.org\/{rel}","templated":true}]}}