{"id":424,"date":"2022-05-18T13:36:07","date_gmt":"2022-05-18T12:36:07","guid":{"rendered":"https:\/\/elsotanoanalogico.com\/?p=424"},"modified":"2022-05-18T13:36:07","modified_gmt":"2022-05-18T12:36:07","slug":"numacircuit-022","status":"publish","type":"post","link":"https:\/\/elsotanoanalogico.com\/index.php\/2022\/05\/18\/numacircuit-022\/","title":{"rendered":"NUMAcircuit 022"},"content":{"rendered":"\n<figure class=\"wp-block-image size-large is-style-default\"><img loading=\"lazy\" decoding=\"async\" width=\"1024\" height=\"1024\" src=\"https:\/\/elsotanoanalogico.com\/wp-content\/uploads\/2022\/05\/Post_So\u0301tano-1024x1024.png\" alt=\"\" class=\"wp-image-425\" srcset=\"https:\/\/elsotanoanalogico.com\/wp-content\/uploads\/2022\/05\/Post_So\u0301tano-1024x1024.png 1024w, https:\/\/elsotanoanalogico.com\/wp-content\/uploads\/2022\/05\/Post_So\u0301tano-300x300.png 300w, https:\/\/elsotanoanalogico.com\/wp-content\/uploads\/2022\/05\/Post_So\u0301tano-150x150.png 150w, https:\/\/elsotanoanalogico.com\/wp-content\/uploads\/2022\/05\/Post_So\u0301tano-768x768.png 768w, https:\/\/elsotanoanalogico.com\/wp-content\/uploads\/2022\/05\/Post_So\u0301tano-1200x1200.png 1200w, https:\/\/elsotanoanalogico.com\/wp-content\/uploads\/2022\/05\/Post_So\u0301tano-450x450.png 450w, https:\/\/elsotanoanalogico.com\/wp-content\/uploads\/2022\/05\/Post_So\u0301tano-600x600.png 600w, https:\/\/elsotanoanalogico.com\/wp-content\/uploads\/2022\/05\/Post_So\u0301tano-100x100.png 100w, https:\/\/elsotanoanalogico.com\/wp-content\/uploads\/2022\/05\/Post_So\u0301tano.png 1280w\" sizes=\"auto, (max-width: 1024px) 100vw, 1024px\" \/><\/figure>\n\n\n\n<p><strong>Viernes 27 de mayo. 3\u20ac la entrada para este evento doble, puedes conseguirla solo en <a rel=\"noreferrer noopener\" href=\"https:\/\/entradium.com\/events\/numa-circuit-022-en-gc-el-sotano-analogico\" target=\"_blank\">Entradium<\/a> de manera anticipada. No se vender\u00e1 en puerta.<\/strong><\/p>\n\n\n\n<figure class=\"wp-block-image size-large is-style-default\"><img loading=\"lazy\" decoding=\"async\" width=\"724\" height=\"1024\" src=\"https:\/\/elsotanoanalogico.com\/wp-content\/uploads\/2022\/05\/Cartel_NUMAcircuit-724x1024.jpg\" alt=\"\" class=\"wp-image-428\" srcset=\"https:\/\/elsotanoanalogico.com\/wp-content\/uploads\/2022\/05\/Cartel_NUMAcircuit-724x1024.jpg 724w, https:\/\/elsotanoanalogico.com\/wp-content\/uploads\/2022\/05\/Cartel_NUMAcircuit-212x300.jpg 212w, https:\/\/elsotanoanalogico.com\/wp-content\/uploads\/2022\/05\/Cartel_NUMAcircuit-768x1086.jpg 768w, https:\/\/elsotanoanalogico.com\/wp-content\/uploads\/2022\/05\/Cartel_NUMAcircuit-1086x1536.jpg 1086w, https:\/\/elsotanoanalogico.com\/wp-content\/uploads\/2022\/05\/Cartel_NUMAcircuit-1448x2048.jpg 1448w, https:\/\/elsotanoanalogico.com\/wp-content\/uploads\/2022\/05\/Cartel_NUMAcircuit-1200x1697.jpg 1200w, https:\/\/elsotanoanalogico.com\/wp-content\/uploads\/2022\/05\/Cartel_NUMAcircuit-600x848.jpg 600w, https:\/\/elsotanoanalogico.com\/wp-content\/uploads\/2022\/05\/Cartel_NUMAcircuit.jpg 1754w\" sizes=\"auto, (max-width: 724px) 100vw, 724px\" \/><figcaption>Cartel general de eventos de NUMAcircuit 022<\/figcaption><\/figure>\n\n\n\n<p>Este a\u00f1o se celebra la <strong>14\u00aa edici\u00f3n<\/strong> de NUMAcircuit, plataforma para la creaci\u00f3n y difusi\u00f3n de las nuevas formas de expresi\u00f3n art\u00edstica. Manteniendo el objetivo principal de dar espacio y audiencia a los artistas ocupados en comunicarse con lenguajes <strong>contempor\u00e1neos o experimentales<\/strong>, fomentar la aparici\u00f3n de proyectos y colaboraciones entre artistas mediante actividades de producci\u00f3n propia, as\u00ed como dinamizar el circuito regional y nacional del arte de vanguardia.<\/p>\n\n\n\n<p>El festival propone una programaci\u00f3n interdisciplinar e itinerante a lo largo del mes de mayo, desde el <strong>jueves 5 hasta el viernes 27 de mayo<\/strong>, en siete espacios culturales de referencia. NUMAcircuit experimenta en 2022 una nueva ampliaci\u00f3n de su programa, debido a la inclusi\u00f3n de la <strong>Facultad de Bellas Artes<\/strong> de La Universidad de La Laguna y del espacio cultural <strong>El S\u00f3tano Anal\u00f3gico<\/strong> en Las Palmas de Gran Canaria. Adem\u00e1s el circuito NUMA vuelve a <strong>Auditorio de Tenerife, Teatro Leal, Espacio La Granja, TEA Tenerife Espacio de las Artes y Asociaci\u00f3n Cultural Equipo PARA.<\/strong><\/p>\n\n\n\n<p>Comprometidos con la difusi\u00f3n de los nuevos lenguajes del arte. Contamos contigo. Alimenta tu curiosidad.<\/p>\n\n\n\n<figure class=\"wp-block-image size-large is-style-default\"><img loading=\"lazy\" decoding=\"async\" width=\"1024\" height=\"1024\" src=\"https:\/\/elsotanoanalogico.com\/wp-content\/uploads\/2022\/05\/artist__davidramos-1024x1024.jpg\" alt=\"\" class=\"wp-image-426\" srcset=\"https:\/\/elsotanoanalogico.com\/wp-content\/uploads\/2022\/05\/artist__davidramos-1024x1024.jpg 1024w, https:\/\/elsotanoanalogico.com\/wp-content\/uploads\/2022\/05\/artist__davidramos-300x300.jpg 300w, https:\/\/elsotanoanalogico.com\/wp-content\/uploads\/2022\/05\/artist__davidramos-150x150.jpg 150w, https:\/\/elsotanoanalogico.com\/wp-content\/uploads\/2022\/05\/artist__davidramos-768x768.jpg 768w, https:\/\/elsotanoanalogico.com\/wp-content\/uploads\/2022\/05\/artist__davidramos-450x450.jpg 450w, https:\/\/elsotanoanalogico.com\/wp-content\/uploads\/2022\/05\/artist__davidramos-600x600.jpg 600w, https:\/\/elsotanoanalogico.com\/wp-content\/uploads\/2022\/05\/artist__davidramos-100x100.jpg 100w, https:\/\/elsotanoanalogico.com\/wp-content\/uploads\/2022\/05\/artist__davidramos.jpg 1080w\" sizes=\"auto, (max-width: 1024px) 100vw, 1024px\" \/><figcaption>David Ramos \u00abDarwin\u00bb<\/figcaption><\/figure>\n\n\n\n<p><strong>THE LEGENDARY CIRCUIT BENDING ORCHESTRA<\/strong><\/p>\n\n\n\n<p><em>David Ramos \u201cDarwin\u201d<\/em><\/p>\n\n\n\n<p>David Ramos \u201cDarwin\u201d presentar\u00e1, por primera vez en directo, su Legendary Circuit Bending Orchestra, un buen pu\u00f1ado de artilugios sonoros conectados entre s\u00ed por impulsos el\u00e9ctricos de fabricaci\u00f3n propia. La orquesta est\u00e1 compuesta de instrumentos modificados por t\u00e9cnicas de <em>circuitbending<\/em>. Como si de una sinfon\u00eda se tratara, el concierto estar\u00e1 conformado por tres movimientos, Andante, Lento y Allegro Vivace, donde el autor mostrar\u00e1 todo el potencial de estas, a priori, inocentes m\u00e1quinas, pero que esconden un poder sonoro sin parang\u00f3n. De la creaci\u00f3n y desarrollo de esta singular orquesta tratar\u00e1 la charla, cuyo objetivo principal ser\u00e1 acercar estos instrumentos \u201cmarcianos\u201d a todo aquel que quiera adentrarse en ese mundo extra\u00f1o de los glitch y los \u201cnoises\u201d.<\/p>\n\n\n\n<div class=\"wp-block-cover is-layout-flow wp-block-cover-is-layout-flow\"><span aria-hidden=\"true\" class=\"wp-block-cover__gradient-background has-background-dim\"><\/span><img loading=\"lazy\" decoding=\"async\" width=\"1024\" height=\"1024\" class=\"wp-block-cover__image-background wp-image-427\" alt=\"\" src=\"https:\/\/elsotanoanalogico.com\/wp-content\/uploads\/2022\/05\/artist__nicohernandez-1024x1024.jpg\" data-object-fit=\"cover\" srcset=\"https:\/\/elsotanoanalogico.com\/wp-content\/uploads\/2022\/05\/artist__nicohernandez-1024x1024.jpg 1024w, https:\/\/elsotanoanalogico.com\/wp-content\/uploads\/2022\/05\/artist__nicohernandez-300x300.jpg 300w, https:\/\/elsotanoanalogico.com\/wp-content\/uploads\/2022\/05\/artist__nicohernandez-150x150.jpg 150w, https:\/\/elsotanoanalogico.com\/wp-content\/uploads\/2022\/05\/artist__nicohernandez-768x768.jpg 768w, https:\/\/elsotanoanalogico.com\/wp-content\/uploads\/2022\/05\/artist__nicohernandez-450x450.jpg 450w, https:\/\/elsotanoanalogico.com\/wp-content\/uploads\/2022\/05\/artist__nicohernandez-600x600.jpg 600w, https:\/\/elsotanoanalogico.com\/wp-content\/uploads\/2022\/05\/artist__nicohernandez-100x100.jpg 100w, https:\/\/elsotanoanalogico.com\/wp-content\/uploads\/2022\/05\/artist__nicohernandez.jpg 1080w\" sizes=\"auto, (max-width: 1024px) 100vw, 1024px\" \/><div class=\"wp-block-cover__inner-container\"><\/div><\/div>\n\n\n\n<p><strong>NICO HERN\u00c1NDEZ aka LZ NOTEBOOK<\/strong><\/p>\n\n\n\n<p><em>Concierto<\/em><\/p>\n\n\n\n<p>Nico Hern\u00e1ndez aka Lznotebook es un m\u00fasico nacido y residente en Lanzarote. Se inicia, hace m\u00e1s de tres d\u00e9cadas, como guitarrista en bandas canariensis (Moraballas band, Moral femenina) y tambi\u00e9n como productor de Delfuego y El Lenguaje de los delfines. No ser\u00e1 hasta el 2000 cuando da el paso para producir su propio proyecto \u201cLznotebook\u201d tras haber encontrado la inspiraci\u00f3n al topar con \u201cCuadernos de Lanzarote\u201d de Saramago en una librer\u00eda de Londres.<\/p>\n\n\n\n<p>Desde entonces ha ido evolucionando por distintos ambientes de la electr\u00f3nica hasta crear su propio mundo sonoro y participado en festivales como: Costa de M\u00fasicas \u20188, Festival de m\u00fasicas alternativas de Canarias 09, Display 11, Teguise Music showcase 15, Numacirciut15. Nico nos llevar\u00e1 a su mundo vol\u00e1til de hemisferios que mutan entre atm\u00f3sferas acu\u00e1ticas y sonidos de raves en f\u00e1bricas abandonadas de la periferia.<\/p>\n\n\n\n<p><strong>Viernes 27 de mayo. 3\u20ac la entrada para este evento doble, puedes conseguirla solo en <a rel=\"noreferrer noopener\" href=\"https:\/\/entradium.com\/events\/numa-circuit-022-en-gc-el-sotano-analogico\" target=\"_blank\">Entradium<\/a> de manera anticipada. No se vender\u00e1 en puerta.<\/strong><\/p>\n","protected":false},"excerpt":{"rendered":"<p>Viernes 27 de mayo. 3\u20ac la entrada para este evento doble, puedes conseguirla solo en Entradium de manera anticipada. No se vender\u00e1 en puerta. Este a\u00f1o se celebra la 14\u00aa [&hellip;]<\/p>\n","protected":false},"author":2,"featured_media":0,"comment_status":"closed","ping_status":"closed","sticky":false,"template":"","format":"standard","meta":{"footnotes":""},"categories":[12,2,1],"tags":[],"class_list":["post-424","post","type-post","status-publish","format-standard","hentry","category-conciertos","category-eventos","category-general"],"_links":{"self":[{"href":"https:\/\/elsotanoanalogico.com\/index.php\/wp-json\/wp\/v2\/posts\/424","targetHints":{"allow":["GET"]}}],"collection":[{"href":"https:\/\/elsotanoanalogico.com\/index.php\/wp-json\/wp\/v2\/posts"}],"about":[{"href":"https:\/\/elsotanoanalogico.com\/index.php\/wp-json\/wp\/v2\/types\/post"}],"author":[{"embeddable":true,"href":"https:\/\/elsotanoanalogico.com\/index.php\/wp-json\/wp\/v2\/users\/2"}],"replies":[{"embeddable":true,"href":"https:\/\/elsotanoanalogico.com\/index.php\/wp-json\/wp\/v2\/comments?post=424"}],"version-history":[{"count":3,"href":"https:\/\/elsotanoanalogico.com\/index.php\/wp-json\/wp\/v2\/posts\/424\/revisions"}],"predecessor-version":[{"id":448,"href":"https:\/\/elsotanoanalogico.com\/index.php\/wp-json\/wp\/v2\/posts\/424\/revisions\/448"}],"wp:attachment":[{"href":"https:\/\/elsotanoanalogico.com\/index.php\/wp-json\/wp\/v2\/media?parent=424"}],"wp:term":[{"taxonomy":"category","embeddable":true,"href":"https:\/\/elsotanoanalogico.com\/index.php\/wp-json\/wp\/v2\/categories?post=424"},{"taxonomy":"post_tag","embeddable":true,"href":"https:\/\/elsotanoanalogico.com\/index.php\/wp-json\/wp\/v2\/tags?post=424"}],"curies":[{"name":"wp","href":"https:\/\/api.w.org\/{rel}","templated":true}]}}