{"id":430,"date":"2022-05-13T15:00:00","date_gmt":"2022-05-13T14:00:00","guid":{"rendered":"https:\/\/elsotanoanalogico.com\/?p=430"},"modified":"2022-05-13T14:59:48","modified_gmt":"2022-05-13T13:59:48","slug":"festival-tara-ciclo-de-piezas-cortas","status":"publish","type":"post","link":"https:\/\/elsotanoanalogico.com\/index.php\/2022\/05\/13\/festival-tara-ciclo-de-piezas-cortas\/","title":{"rendered":"Festival Tara &#8211; Ciclo de piezas cortas"},"content":{"rendered":"\n<p>Festival Tara 2022 muestra en El S\u00f3tano Anal\u00f3gico su \u00abCiclo de piezas cortas\u00bb 2 piezas que podr\u00e1s disfrutar el 20 de mayo a las 20:00 h.<\/p>\n\n\n\n<p>Consigue tus entradas aqu\u00ed:<\/p>\n\n\n\n<p><a href=\"https:\/\/entradium.com\/events\/ciclo-de-piezas-cortas-ojos-para-no-ver-de-cora-panizza-y-repilare-de-natt-monroy\">https:\/\/entradium.com\/events\/ciclo-de-piezas-cortas-ojos-para-no-ver-de-cora-panizza-y-repilare-de-natt-monroy<\/a><\/p>\n\n\n\n<p><\/p>\n\n\n\n<p><strong>\u00b7OJOS PARA NO VER:<\/strong> <\/p>\n\n\n\n<p>Danza contempor\u00e1nea &#8211; <strong>Cora Panizza<\/strong><\/p>\n\n\n\n<figure class=\"wp-block-gallery has-nested-images columns-default is-cropped wp-block-gallery-1 is-layout-flex wp-block-gallery-is-layout-flex\">\n<figure class=\"wp-block-image size-large is-style-default\"><img loading=\"lazy\" decoding=\"async\" width=\"1024\" height=\"864\" data-id=\"436\" src=\"https:\/\/elsotanoanalogico.com\/wp-content\/uploads\/2022\/05\/Cora_0fddf0_d66b5378fa914866bc2387ae32252e30_mv2-1024x864.webp\" alt=\"\" class=\"wp-image-436\" srcset=\"https:\/\/elsotanoanalogico.com\/wp-content\/uploads\/2022\/05\/Cora_0fddf0_d66b5378fa914866bc2387ae32252e30_mv2-1024x864.webp 1024w, https:\/\/elsotanoanalogico.com\/wp-content\/uploads\/2022\/05\/Cora_0fddf0_d66b5378fa914866bc2387ae32252e30_mv2-300x253.webp 300w, https:\/\/elsotanoanalogico.com\/wp-content\/uploads\/2022\/05\/Cora_0fddf0_d66b5378fa914866bc2387ae32252e30_mv2-768x648.webp 768w, https:\/\/elsotanoanalogico.com\/wp-content\/uploads\/2022\/05\/Cora_0fddf0_d66b5378fa914866bc2387ae32252e30_mv2-600x506.webp 600w, https:\/\/elsotanoanalogico.com\/wp-content\/uploads\/2022\/05\/Cora_0fddf0_d66b5378fa914866bc2387ae32252e30_mv2.webp 1150w\" sizes=\"auto, (max-width: 1024px) 100vw, 1024px\" \/><\/figure>\n\n\n\n<figure class=\"wp-block-image size-large is-style-default\"><img loading=\"lazy\" decoding=\"async\" width=\"1000\" height=\"843\" data-id=\"435\" src=\"https:\/\/elsotanoanalogico.com\/wp-content\/uploads\/2022\/05\/Cora_0fddf0_d27b005d29204a1aa9c05742fccf2693_mv2.webp\" alt=\"\" class=\"wp-image-435\" srcset=\"https:\/\/elsotanoanalogico.com\/wp-content\/uploads\/2022\/05\/Cora_0fddf0_d27b005d29204a1aa9c05742fccf2693_mv2.webp 1000w, https:\/\/elsotanoanalogico.com\/wp-content\/uploads\/2022\/05\/Cora_0fddf0_d27b005d29204a1aa9c05742fccf2693_mv2-300x253.webp 300w, https:\/\/elsotanoanalogico.com\/wp-content\/uploads\/2022\/05\/Cora_0fddf0_d27b005d29204a1aa9c05742fccf2693_mv2-768x647.webp 768w, https:\/\/elsotanoanalogico.com\/wp-content\/uploads\/2022\/05\/Cora_0fddf0_d27b005d29204a1aa9c05742fccf2693_mv2-600x506.webp 600w\" sizes=\"auto, (max-width: 1000px) 100vw, 1000px\" \/><\/figure>\n<figcaption class=\"blocks-gallery-caption\">Cora Panizza<\/figcaption><\/figure>\n\n\n\n<p>\u201cOjos para no ver\u201d es una pieza inspirada en el discurso pol\u00edtico como herramienta de persuasi\u00f3n y transmisi\u00f3n de mensajes ideol\u00f3gicos. Pretende la reflexi\u00f3n sobre las bases en las que cimentamos la discriminaci\u00f3n en general y, concretamente, hacia los animales.<\/p>\n\n\n\n<p>A trav\u00e9s de la palabra y el movimiento esta pieza busca exponer el conflicto que suele acontecer cuando nos percatamos de un pensamiento, una idea o un comportamiento externo que contradice nuestras creencias m\u00e1s arraigadas.<\/p>\n\n\n\n<p><\/p>\n\n\n\n<p><strong>\u00b7REPILARE:<\/strong> <\/p>\n\n\n\n<p>Performance &#8211; <strong>Natt Monroy<\/strong><\/p>\n\n\n\n<figure class=\"wp-block-gallery has-nested-images columns-default is-cropped wp-block-gallery-2 is-layout-flex wp-block-gallery-is-layout-flex\">\n<figure class=\"wp-block-image size-large is-style-default\"><img loading=\"lazy\" decoding=\"async\" width=\"893\" height=\"753\" data-id=\"434\" src=\"https:\/\/elsotanoanalogico.com\/wp-content\/uploads\/2022\/05\/Natt_0fddf0_b69ebe0ed5704567ba9e6fb261a61b38_mv2.webp\" alt=\"\" class=\"wp-image-434\" srcset=\"https:\/\/elsotanoanalogico.com\/wp-content\/uploads\/2022\/05\/Natt_0fddf0_b69ebe0ed5704567ba9e6fb261a61b38_mv2.webp 893w, https:\/\/elsotanoanalogico.com\/wp-content\/uploads\/2022\/05\/Natt_0fddf0_b69ebe0ed5704567ba9e6fb261a61b38_mv2-300x253.webp 300w, https:\/\/elsotanoanalogico.com\/wp-content\/uploads\/2022\/05\/Natt_0fddf0_b69ebe0ed5704567ba9e6fb261a61b38_mv2-768x648.webp 768w, https:\/\/elsotanoanalogico.com\/wp-content\/uploads\/2022\/05\/Natt_0fddf0_b69ebe0ed5704567ba9e6fb261a61b38_mv2-600x506.webp 600w\" sizes=\"auto, (max-width: 893px) 100vw, 893px\" \/><\/figure>\n\n\n\n<figure class=\"wp-block-image size-large is-style-default\"><img loading=\"lazy\" decoding=\"async\" width=\"640\" height=\"540\" data-id=\"433\" src=\"https:\/\/elsotanoanalogico.com\/wp-content\/uploads\/2022\/05\/Natt_0fddf0_abf231ef81b1465d8e0b6a37aefff251_mv2.webp\" alt=\"\" class=\"wp-image-433\" srcset=\"https:\/\/elsotanoanalogico.com\/wp-content\/uploads\/2022\/05\/Natt_0fddf0_abf231ef81b1465d8e0b6a37aefff251_mv2.webp 640w, https:\/\/elsotanoanalogico.com\/wp-content\/uploads\/2022\/05\/Natt_0fddf0_abf231ef81b1465d8e0b6a37aefff251_mv2-300x253.webp 300w, https:\/\/elsotanoanalogico.com\/wp-content\/uploads\/2022\/05\/Natt_0fddf0_abf231ef81b1465d8e0b6a37aefff251_mv2-600x506.webp 600w\" sizes=\"auto, (max-width: 640px) 100vw, 640px\" \/><\/figure>\n<figcaption class=\"blocks-gallery-caption\">Natt Monroy<\/figcaption><\/figure>\n\n\n\n<p>\u00abRepilare\u201d es una reflexi\u00f3n sobre el propio g\u00e9nero de la artista, a modo de performance. Compuesta de acciones rutinarias, podemos asistir a una disputa personal sobre la elecci\u00f3n entre la feminidad y la masculinidad, reinventando un gesto tan t\u00edpico como es la depilaci\u00f3n.<\/p>\n\n\n\n<p><\/p>\n\n\n\n<p><br>La informaci\u00f3n oficial puedes encontrarla aqu\u00ed:<\/p>\n\n\n\n<p><a href=\"https:\/\/www.festivaltara.com\/ciclo-de-piezas-cortas\">https:\/\/www.festivaltara.com\/ciclo-de-piezas-cortas<\/a><\/p>\n\n\n\n<p><\/p>\n","protected":false},"excerpt":{"rendered":"<p>Festival Tara 2022 muestra en El S\u00f3tano Anal\u00f3gico su \u00abCiclo de piezas cortas\u00bb 2 piezas que podr\u00e1s disfrutar el 20 de mayo a las 20:00 h. Consigue tus entradas aqu\u00ed: [&hellip;]<\/p>\n","protected":false},"author":2,"featured_media":0,"comment_status":"closed","ping_status":"closed","sticky":false,"template":"","format":"standard","meta":{"footnotes":""},"categories":[2,1,55],"tags":[],"class_list":["post-430","post","type-post","status-publish","format-standard","hentry","category-eventos","category-general","category-performance"],"_links":{"self":[{"href":"https:\/\/elsotanoanalogico.com\/index.php\/wp-json\/wp\/v2\/posts\/430","targetHints":{"allow":["GET"]}}],"collection":[{"href":"https:\/\/elsotanoanalogico.com\/index.php\/wp-json\/wp\/v2\/posts"}],"about":[{"href":"https:\/\/elsotanoanalogico.com\/index.php\/wp-json\/wp\/v2\/types\/post"}],"author":[{"embeddable":true,"href":"https:\/\/elsotanoanalogico.com\/index.php\/wp-json\/wp\/v2\/users\/2"}],"replies":[{"embeddable":true,"href":"https:\/\/elsotanoanalogico.com\/index.php\/wp-json\/wp\/v2\/comments?post=430"}],"version-history":[{"count":3,"href":"https:\/\/elsotanoanalogico.com\/index.php\/wp-json\/wp\/v2\/posts\/430\/revisions"}],"predecessor-version":[{"id":437,"href":"https:\/\/elsotanoanalogico.com\/index.php\/wp-json\/wp\/v2\/posts\/430\/revisions\/437"}],"wp:attachment":[{"href":"https:\/\/elsotanoanalogico.com\/index.php\/wp-json\/wp\/v2\/media?parent=430"}],"wp:term":[{"taxonomy":"category","embeddable":true,"href":"https:\/\/elsotanoanalogico.com\/index.php\/wp-json\/wp\/v2\/categories?post=430"},{"taxonomy":"post_tag","embeddable":true,"href":"https:\/\/elsotanoanalogico.com\/index.php\/wp-json\/wp\/v2\/tags?post=430"}],"curies":[{"name":"wp","href":"https:\/\/api.w.org\/{rel}","templated":true}]}}