{"id":457,"date":"2022-05-30T18:36:50","date_gmt":"2022-05-30T17:36:50","guid":{"rendered":"https:\/\/elsotanoanalogico.com\/?p=457"},"modified":"2022-05-30T18:36:50","modified_gmt":"2022-05-30T17:36:50","slug":"svesda","status":"publish","type":"post","link":"https:\/\/elsotanoanalogico.com\/index.php\/2022\/05\/30\/svesda\/","title":{"rendered":"SVESDA"},"content":{"rendered":"\n<p><\/p>\n\n\n\n<figure class=\"wp-block-image size-large is-style-default\"><img loading=\"lazy\" decoding=\"async\" width=\"1024\" height=\"1013\" src=\"https:\/\/elsotanoanalogico.com\/wp-content\/uploads\/2022\/05\/SVESDA_junio2022-1024x1013.jpeg\" alt=\"\" class=\"wp-image-459\" srcset=\"https:\/\/elsotanoanalogico.com\/wp-content\/uploads\/2022\/05\/SVESDA_junio2022-1024x1013.jpeg 1024w, https:\/\/elsotanoanalogico.com\/wp-content\/uploads\/2022\/05\/SVESDA_junio2022-300x297.jpeg 300w, https:\/\/elsotanoanalogico.com\/wp-content\/uploads\/2022\/05\/SVESDA_junio2022-768x760.jpeg 768w, https:\/\/elsotanoanalogico.com\/wp-content\/uploads\/2022\/05\/SVESDA_junio2022-1200x1187.jpeg 1200w, https:\/\/elsotanoanalogico.com\/wp-content\/uploads\/2022\/05\/SVESDA_junio2022-600x593.jpeg 600w, https:\/\/elsotanoanalogico.com\/wp-content\/uploads\/2022\/05\/SVESDA_junio2022-100x100.jpeg 100w, https:\/\/elsotanoanalogico.com\/wp-content\/uploads\/2022\/05\/SVESDA_junio2022.jpeg 1280w\" sizes=\"auto, (max-width: 1024px) 100vw, 1024px\" \/><figcaption>Cartel de Svesda el S\u00e1bado 4 de junio a las 20h<\/figcaption><\/figure>\n\n\n\n<p>SVESDA <a rel=\"noreferrer noopener\" href=\"https:\/\/www.instagram.com\/svessda\/\" target=\"_blank\">@svessda<\/a> viene a presentar su nuevo proyecto, que saldr\u00e1 a la luz dentro de muy poco y que se llama Marhab\u00e1 (Hola en \u00e1rabe) pronunciado como si fuera en castellano, es decir, con la h muda y acento en la \u00faltima s\u00edlaba. Consiste de piezas que nacen en el cuarto, cantando y tocando la guitarra, a las que se le han ido a\u00f1adiendo sintetizadores, ritmos y producci\u00f3n electr\u00f3nica.<\/p>\n\n\n\n<p>El S\u00e1bado 4 de junio a las 20h, tiene un precio de 7\u20ac con consumici\u00f3n, entrada solo puede conseguirse por venta anticipada:<\/p>\n\n\n\n<p><a href=\"https:\/\/entradium.com\/events\/svesda-marhaba\">https:\/\/entradium.com\/events\/svesda-marhaba<\/a><\/p>\n\n\n\n<p>El concierto ser\u00e1 una mezcla de canciones de guitarra y voz, sin m\u00e1s elementos, totalmente crudo e \u00edntimo, y una performance en vivo con loops y teclado de las composiciones m\u00e1s electr\u00f3nicas.<\/p>\n\n\n\n<p>Cartel creado por Marta S\u00e1nchez <a rel=\"noreferrer noopener\" href=\"https:\/\/www.instagram.com\/apielo_\/\" target=\"_blank\">@apielo_<\/a><\/p>\n","protected":false},"excerpt":{"rendered":"<p>SVESDA @svessda viene a presentar su nuevo proyecto, que saldr\u00e1 a la luz dentro de muy poco y que se llama Marhab\u00e1 (Hola en \u00e1rabe) pronunciado como si fuera en [&hellip;]<\/p>\n","protected":false},"author":2,"featured_media":0,"comment_status":"closed","ping_status":"closed","sticky":false,"template":"","format":"standard","meta":{"footnotes":""},"categories":[12,2,1],"tags":[],"class_list":["post-457","post","type-post","status-publish","format-standard","hentry","category-conciertos","category-eventos","category-general"],"_links":{"self":[{"href":"https:\/\/elsotanoanalogico.com\/index.php\/wp-json\/wp\/v2\/posts\/457","targetHints":{"allow":["GET"]}}],"collection":[{"href":"https:\/\/elsotanoanalogico.com\/index.php\/wp-json\/wp\/v2\/posts"}],"about":[{"href":"https:\/\/elsotanoanalogico.com\/index.php\/wp-json\/wp\/v2\/types\/post"}],"author":[{"embeddable":true,"href":"https:\/\/elsotanoanalogico.com\/index.php\/wp-json\/wp\/v2\/users\/2"}],"replies":[{"embeddable":true,"href":"https:\/\/elsotanoanalogico.com\/index.php\/wp-json\/wp\/v2\/comments?post=457"}],"version-history":[{"count":1,"href":"https:\/\/elsotanoanalogico.com\/index.php\/wp-json\/wp\/v2\/posts\/457\/revisions"}],"predecessor-version":[{"id":460,"href":"https:\/\/elsotanoanalogico.com\/index.php\/wp-json\/wp\/v2\/posts\/457\/revisions\/460"}],"wp:attachment":[{"href":"https:\/\/elsotanoanalogico.com\/index.php\/wp-json\/wp\/v2\/media?parent=457"}],"wp:term":[{"taxonomy":"category","embeddable":true,"href":"https:\/\/elsotanoanalogico.com\/index.php\/wp-json\/wp\/v2\/categories?post=457"},{"taxonomy":"post_tag","embeddable":true,"href":"https:\/\/elsotanoanalogico.com\/index.php\/wp-json\/wp\/v2\/tags?post=457"}],"curies":[{"name":"wp","href":"https:\/\/api.w.org\/{rel}","templated":true}]}}