{"id":463,"date":"2022-06-02T16:04:24","date_gmt":"2022-06-02T15:04:24","guid":{"rendered":"https:\/\/elsotanoanalogico.com\/?p=463"},"modified":"2022-06-02T16:06:11","modified_gmt":"2022-06-02T15:06:11","slug":"la-vida","status":"publish","type":"post","link":"https:\/\/elsotanoanalogico.com\/index.php\/2022\/06\/02\/la-vida\/","title":{"rendered":"La Vida"},"content":{"rendered":"\n<p>De los creadores del podcast La Vida Contada (<a href=\"https:\/\/www.instagram.com\/lavidacontada\/\" target=\"_blank\" rel=\"noreferrer noopener\">@lavidacontada<\/a>), llega La Vida. <\/p>\n\n\n\n<figure class=\"wp-block-image size-large is-style-default\"><img loading=\"lazy\" decoding=\"async\" width=\"724\" height=\"1024\" src=\"https:\/\/elsotanoanalogico.com\/wp-content\/uploads\/2022\/06\/Lavidacontada2022sotano-724x1024.jpeg\" alt=\"\" class=\"wp-image-464\" srcset=\"https:\/\/elsotanoanalogico.com\/wp-content\/uploads\/2022\/06\/Lavidacontada2022sotano-724x1024.jpeg 724w, https:\/\/elsotanoanalogico.com\/wp-content\/uploads\/2022\/06\/Lavidacontada2022sotano-212x300.jpeg 212w, https:\/\/elsotanoanalogico.com\/wp-content\/uploads\/2022\/06\/Lavidacontada2022sotano-768x1086.jpeg 768w, https:\/\/elsotanoanalogico.com\/wp-content\/uploads\/2022\/06\/Lavidacontada2022sotano-1086x1536.jpeg 1086w, https:\/\/elsotanoanalogico.com\/wp-content\/uploads\/2022\/06\/Lavidacontada2022sotano-600x849.jpeg 600w, https:\/\/elsotanoanalogico.com\/wp-content\/uploads\/2022\/06\/Lavidacontada2022sotano.jpeg 1131w\" sizes=\"auto, (max-width: 724px) 100vw, 724px\" \/><\/figure>\n\n\n\n<p>El pr\u00f3ximo viernes 10 de Junio a las 20h, llega un recital llamado \u00abLa vida\u00bb al S\u00f3tano Anal\u00f3gico. Es un recital con m\u00fasica, apto para gente sensible y quieren compartirlo con nosotros. <\/p>\n\n\n\n<p>Puedes reservar la entrada en entradium a 10\u20ac (<a rel=\"noreferrer noopener\" href=\"http:\/\/entradium.com\/events\/la-vida-recital\" target=\"_blank\">http:\/\/entradium.com\/events\/la-vida-recital<\/a>), el precio incluye una consumici\u00f3n. Est\u00e1 preparado con un mont\u00f3n de amor, de la mano de Lorena L\u00f3pez y de Ulises Frei.<\/p>\n","protected":false},"excerpt":{"rendered":"<p>De los creadores del podcast La Vida Contada (@lavidacontada), llega La Vida. El pr\u00f3ximo viernes 10 de Junio a las 20h, llega un recital llamado \u00abLa vida\u00bb al S\u00f3tano Anal\u00f3gico. [&hellip;]<\/p>\n","protected":false},"author":2,"featured_media":0,"comment_status":"closed","ping_status":"closed","sticky":false,"template":"","format":"standard","meta":{"footnotes":""},"categories":[2,1,15],"tags":[],"class_list":["post-463","post","type-post","status-publish","format-standard","hentry","category-eventos","category-general","category-recital"],"_links":{"self":[{"href":"https:\/\/elsotanoanalogico.com\/index.php\/wp-json\/wp\/v2\/posts\/463","targetHints":{"allow":["GET"]}}],"collection":[{"href":"https:\/\/elsotanoanalogico.com\/index.php\/wp-json\/wp\/v2\/posts"}],"about":[{"href":"https:\/\/elsotanoanalogico.com\/index.php\/wp-json\/wp\/v2\/types\/post"}],"author":[{"embeddable":true,"href":"https:\/\/elsotanoanalogico.com\/index.php\/wp-json\/wp\/v2\/users\/2"}],"replies":[{"embeddable":true,"href":"https:\/\/elsotanoanalogico.com\/index.php\/wp-json\/wp\/v2\/comments?post=463"}],"version-history":[{"count":3,"href":"https:\/\/elsotanoanalogico.com\/index.php\/wp-json\/wp\/v2\/posts\/463\/revisions"}],"predecessor-version":[{"id":467,"href":"https:\/\/elsotanoanalogico.com\/index.php\/wp-json\/wp\/v2\/posts\/463\/revisions\/467"}],"wp:attachment":[{"href":"https:\/\/elsotanoanalogico.com\/index.php\/wp-json\/wp\/v2\/media?parent=463"}],"wp:term":[{"taxonomy":"category","embeddable":true,"href":"https:\/\/elsotanoanalogico.com\/index.php\/wp-json\/wp\/v2\/categories?post=463"},{"taxonomy":"post_tag","embeddable":true,"href":"https:\/\/elsotanoanalogico.com\/index.php\/wp-json\/wp\/v2\/tags?post=463"}],"curies":[{"name":"wp","href":"https:\/\/api.w.org\/{rel}","templated":true}]}}