{"id":476,"date":"2022-06-14T15:16:37","date_gmt":"2022-06-14T14:16:37","guid":{"rendered":"https:\/\/elsotanoanalogico.com\/?p=476"},"modified":"2022-06-14T15:17:18","modified_gmt":"2022-06-14T14:17:18","slug":"charla-sobre-el-sotano-analogico","status":"publish","type":"post","link":"https:\/\/elsotanoanalogico.com\/index.php\/2022\/06\/14\/charla-sobre-el-sotano-analogico\/","title":{"rendered":"Charla sobre El S\u00f3tano Anal\u00f3gico"},"content":{"rendered":"\n<p><strong>Atenci\u00f3n este evento NO ES en El S\u00f3tano Anal\u00f3gico.<\/strong><br>Charla de los cofundadores de El S\u00f3tano Anal\u00f3gico en <strong>Talleres Palermo<\/strong> (Calle Rep\u00fablica Dominicana, 18. Las Palmas de Gran Canaria). <strong>Entrada libre y gratuita.<\/strong><\/p>\n\n\n\n<figure class=\"wp-block-image size-large is-style-default\"><img loading=\"lazy\" decoding=\"async\" width=\"1024\" height=\"1024\" src=\"https:\/\/elsotanoanalogico.com\/wp-content\/uploads\/2022\/06\/ESAatTallPalerm-1024x1024.jpeg\" alt=\"\" class=\"wp-image-477\" srcset=\"https:\/\/elsotanoanalogico.com\/wp-content\/uploads\/2022\/06\/ESAatTallPalerm-1024x1024.jpeg 1024w, https:\/\/elsotanoanalogico.com\/wp-content\/uploads\/2022\/06\/ESAatTallPalerm-300x300.jpeg 300w, https:\/\/elsotanoanalogico.com\/wp-content\/uploads\/2022\/06\/ESAatTallPalerm-150x150.jpeg 150w, https:\/\/elsotanoanalogico.com\/wp-content\/uploads\/2022\/06\/ESAatTallPalerm-768x768.jpeg 768w, https:\/\/elsotanoanalogico.com\/wp-content\/uploads\/2022\/06\/ESAatTallPalerm-450x450.jpeg 450w, https:\/\/elsotanoanalogico.com\/wp-content\/uploads\/2022\/06\/ESAatTallPalerm-600x600.jpeg 600w, https:\/\/elsotanoanalogico.com\/wp-content\/uploads\/2022\/06\/ESAatTallPalerm-100x100.jpeg 100w, https:\/\/elsotanoanalogico.com\/wp-content\/uploads\/2022\/06\/ESAatTallPalerm.jpeg 1080w\" sizes=\"auto, (max-width: 1024px) 100vw, 1024px\" \/><figcaption>Post de Instagram de Talleres Palermo anunciando la charla del jueves 16 junio 20:00h<\/figcaption><\/figure>\n\n\n\n<p>\u00bfQuieres saber que es El S\u00f3tano Anal\u00f3gico? \u00bfC\u00f3mo surgi\u00f3? \u00bfQuienes somos? \u00bfQue es el Vaporwave? \u00bfC\u00f3mo nos conocimos? Pues todo eso y m\u00e1s acompa\u00f1ado por im\u00e1genes de como se fue construyendo desde una idea hasta una realidad lo vamos a contar a las 20h en Talleres Palermo. P\u00e1sate y hablaremos durante un ratito. Despu\u00e9s puedes tomarte unas ca\u00f1as con nosotros y contarnos tus ideas, propuestas, etc. Te esperamos all\u00ed este <strong>jueves 16 a las 20:00h.<\/strong><\/p>\n","protected":false},"excerpt":{"rendered":"<p>Atenci\u00f3n este evento NO ES en El S\u00f3tano Anal\u00f3gico.Charla de los cofundadores de El S\u00f3tano Anal\u00f3gico en Talleres Palermo (Calle Rep\u00fablica Dominicana, 18. Las Palmas de Gran Canaria). Entrada libre [&hellip;]<\/p>\n","protected":false},"author":2,"featured_media":0,"comment_status":"closed","ping_status":"closed","sticky":false,"template":"","format":"standard","meta":{"footnotes":""},"categories":[2,1,49],"tags":[],"class_list":["post-476","post","type-post","status-publish","format-standard","hentry","category-eventos","category-general","category-presentacion"],"_links":{"self":[{"href":"https:\/\/elsotanoanalogico.com\/index.php\/wp-json\/wp\/v2\/posts\/476","targetHints":{"allow":["GET"]}}],"collection":[{"href":"https:\/\/elsotanoanalogico.com\/index.php\/wp-json\/wp\/v2\/posts"}],"about":[{"href":"https:\/\/elsotanoanalogico.com\/index.php\/wp-json\/wp\/v2\/types\/post"}],"author":[{"embeddable":true,"href":"https:\/\/elsotanoanalogico.com\/index.php\/wp-json\/wp\/v2\/users\/2"}],"replies":[{"embeddable":true,"href":"https:\/\/elsotanoanalogico.com\/index.php\/wp-json\/wp\/v2\/comments?post=476"}],"version-history":[{"count":1,"href":"https:\/\/elsotanoanalogico.com\/index.php\/wp-json\/wp\/v2\/posts\/476\/revisions"}],"predecessor-version":[{"id":478,"href":"https:\/\/elsotanoanalogico.com\/index.php\/wp-json\/wp\/v2\/posts\/476\/revisions\/478"}],"wp:attachment":[{"href":"https:\/\/elsotanoanalogico.com\/index.php\/wp-json\/wp\/v2\/media?parent=476"}],"wp:term":[{"taxonomy":"category","embeddable":true,"href":"https:\/\/elsotanoanalogico.com\/index.php\/wp-json\/wp\/v2\/categories?post=476"},{"taxonomy":"post_tag","embeddable":true,"href":"https:\/\/elsotanoanalogico.com\/index.php\/wp-json\/wp\/v2\/tags?post=476"}],"curies":[{"name":"wp","href":"https:\/\/api.w.org\/{rel}","templated":true}]}}