{"id":493,"date":"2022-07-04T13:56:28","date_gmt":"2022-07-04T12:56:28","guid":{"rendered":"https:\/\/elsotanoanalogico.com\/?p=493"},"modified":"2022-07-04T13:56:28","modified_gmt":"2022-07-04T12:56:28","slug":"lambo","status":"publish","type":"post","link":"https:\/\/elsotanoanalogico.com\/index.php\/2022\/07\/04\/lambo\/","title":{"rendered":"Lambo"},"content":{"rendered":"\n<p>Concierto en El S\u00f3tano Anal\u00f3gico de la formaci\u00f3n Lambo esta vez en un formato reducido de 3 componentes, m\u00e1s ac\u00fastico con: caj\u00f3n, guitarra\/voz y viol\u00edn. Donde escucharemos una fusi\u00f3n de g\u00e9neros que van desde el folk, canatautor, reggae y rumba.<\/p>\n\n\n\n<figure class=\"wp-block-image size-full is-style-default\"><img loading=\"lazy\" decoding=\"async\" width=\"750\" height=\"595\" src=\"https:\/\/elsotanoanalogico.com\/wp-content\/uploads\/2022\/07\/photo_2022-07-04-13.21.00.jpeg\" alt=\"\" class=\"wp-image-495\" srcset=\"https:\/\/elsotanoanalogico.com\/wp-content\/uploads\/2022\/07\/photo_2022-07-04-13.21.00.jpeg 750w, https:\/\/elsotanoanalogico.com\/wp-content\/uploads\/2022\/07\/photo_2022-07-04-13.21.00-300x238.jpeg 300w, https:\/\/elsotanoanalogico.com\/wp-content\/uploads\/2022\/07\/photo_2022-07-04-13.21.00-600x476.jpeg 600w\" sizes=\"auto, (max-width: 750px) 100vw, 750px\" \/><figcaption>Cartel del evento el s\u00e1bado 9 de julio de 2022<\/figcaption><\/figure>\n\n\n\n<p>Apunta la fecha: S\u00e1bado 9 de Julio a las 20:00h, 5\u20ac con consumici\u00f3n consigue tus entradas en <a rel=\"noreferrer noopener\" href=\"https:\/\/entradium.com\/es\/events\/lambo\" target=\"_blank\">Entradium<\/a>. Solo por venta anticipada.<\/p>\n","protected":false},"excerpt":{"rendered":"<p>Concierto en El S\u00f3tano Anal\u00f3gico de la formaci\u00f3n Lambo esta vez en un formato reducido de 3 componentes, m\u00e1s ac\u00fastico con: caj\u00f3n, guitarra\/voz y viol\u00edn. Donde escucharemos una fusi\u00f3n de [&hellip;]<\/p>\n","protected":false},"author":2,"featured_media":0,"comment_status":"closed","ping_status":"closed","sticky":false,"template":"","format":"standard","meta":{"footnotes":""},"categories":[12,2,1],"tags":[],"class_list":["post-493","post","type-post","status-publish","format-standard","hentry","category-conciertos","category-eventos","category-general"],"_links":{"self":[{"href":"https:\/\/elsotanoanalogico.com\/index.php\/wp-json\/wp\/v2\/posts\/493","targetHints":{"allow":["GET"]}}],"collection":[{"href":"https:\/\/elsotanoanalogico.com\/index.php\/wp-json\/wp\/v2\/posts"}],"about":[{"href":"https:\/\/elsotanoanalogico.com\/index.php\/wp-json\/wp\/v2\/types\/post"}],"author":[{"embeddable":true,"href":"https:\/\/elsotanoanalogico.com\/index.php\/wp-json\/wp\/v2\/users\/2"}],"replies":[{"embeddable":true,"href":"https:\/\/elsotanoanalogico.com\/index.php\/wp-json\/wp\/v2\/comments?post=493"}],"version-history":[{"count":1,"href":"https:\/\/elsotanoanalogico.com\/index.php\/wp-json\/wp\/v2\/posts\/493\/revisions"}],"predecessor-version":[{"id":496,"href":"https:\/\/elsotanoanalogico.com\/index.php\/wp-json\/wp\/v2\/posts\/493\/revisions\/496"}],"wp:attachment":[{"href":"https:\/\/elsotanoanalogico.com\/index.php\/wp-json\/wp\/v2\/media?parent=493"}],"wp:term":[{"taxonomy":"category","embeddable":true,"href":"https:\/\/elsotanoanalogico.com\/index.php\/wp-json\/wp\/v2\/categories?post=493"},{"taxonomy":"post_tag","embeddable":true,"href":"https:\/\/elsotanoanalogico.com\/index.php\/wp-json\/wp\/v2\/tags?post=493"}],"curies":[{"name":"wp","href":"https:\/\/api.w.org\/{rel}","templated":true}]}}