{"id":500,"date":"2022-07-11T13:26:18","date_gmt":"2022-07-11T12:26:18","guid":{"rendered":"https:\/\/elsotanoanalogico.com\/?p=500"},"modified":"2022-07-11T13:26:18","modified_gmt":"2022-07-11T12:26:18","slug":"sintesis-musical-por-ordenador","status":"publish","type":"post","link":"https:\/\/elsotanoanalogico.com\/index.php\/2022\/07\/11\/sintesis-musical-por-ordenador\/","title":{"rendered":"S\u00edntesis musical por ordenador"},"content":{"rendered":"\n<p>Avelino Herrera Morales dar\u00e1 una charla explicativa sobre c\u00f3mo se genera m\u00fasica de forma digital (mediante ordenadores o mediante sintetizadores digitales). Veremos los fundamentos y la metodolog\u00eda que se usa para abordar este tipo de proyectos, con ejemplos.<\/p>\n\n\n\n<figure class=\"wp-block-gallery has-nested-images columns-default is-cropped wp-block-gallery-1 is-layout-flex wp-block-gallery-is-layout-flex\">\n<figure class=\"wp-block-image size-large is-style-default\"><img loading=\"lazy\" decoding=\"async\" width=\"620\" height=\"620\" data-id=\"501\" src=\"https:\/\/elsotanoanalogico.com\/wp-content\/uploads\/2022\/07\/Charla-Sintesis-musical-por-ordenador.jpeg\" alt=\"\" class=\"wp-image-501\" srcset=\"https:\/\/elsotanoanalogico.com\/wp-content\/uploads\/2022\/07\/Charla-Sintesis-musical-por-ordenador.jpeg 620w, https:\/\/elsotanoanalogico.com\/wp-content\/uploads\/2022\/07\/Charla-Sintesis-musical-por-ordenador-300x300.jpeg 300w, https:\/\/elsotanoanalogico.com\/wp-content\/uploads\/2022\/07\/Charla-Sintesis-musical-por-ordenador-150x150.jpeg 150w, https:\/\/elsotanoanalogico.com\/wp-content\/uploads\/2022\/07\/Charla-Sintesis-musical-por-ordenador-450x450.jpeg 450w, https:\/\/elsotanoanalogico.com\/wp-content\/uploads\/2022\/07\/Charla-Sintesis-musical-por-ordenador-600x600.jpeg 600w, https:\/\/elsotanoanalogico.com\/wp-content\/uploads\/2022\/07\/Charla-Sintesis-musical-por-ordenador-100x100.jpeg 100w\" sizes=\"auto, (max-width: 620px) 100vw, 620px\" \/><\/figure>\n<\/figure>\n\n\n\n<p>Avelino es ingeniero inform\u00e1tico. Especialista en hardware y sistemas de computaci\u00f3n peque\u00f1os (embebidos). El evento ser\u00e1 el viernes 15 de julio a las 20:00h. Entrada libre hasta completar aforo.<\/p>\n","protected":false},"excerpt":{"rendered":"<p>Avelino Herrera Morales dar\u00e1 una charla explicativa sobre c\u00f3mo se genera m\u00fasica de forma digital (mediante ordenadores o mediante sintetizadores digitales). Veremos los fundamentos y la metodolog\u00eda que se usa [&hellip;]<\/p>\n","protected":false},"author":2,"featured_media":0,"comment_status":"closed","ping_status":"closed","sticky":false,"template":"","format":"standard","meta":{"footnotes":""},"categories":[56,2,1],"tags":[],"class_list":["post-500","post","type-post","status-publish","format-standard","hentry","category-charla","category-eventos","category-general"],"_links":{"self":[{"href":"https:\/\/elsotanoanalogico.com\/index.php\/wp-json\/wp\/v2\/posts\/500","targetHints":{"allow":["GET"]}}],"collection":[{"href":"https:\/\/elsotanoanalogico.com\/index.php\/wp-json\/wp\/v2\/posts"}],"about":[{"href":"https:\/\/elsotanoanalogico.com\/index.php\/wp-json\/wp\/v2\/types\/post"}],"author":[{"embeddable":true,"href":"https:\/\/elsotanoanalogico.com\/index.php\/wp-json\/wp\/v2\/users\/2"}],"replies":[{"embeddable":true,"href":"https:\/\/elsotanoanalogico.com\/index.php\/wp-json\/wp\/v2\/comments?post=500"}],"version-history":[{"count":1,"href":"https:\/\/elsotanoanalogico.com\/index.php\/wp-json\/wp\/v2\/posts\/500\/revisions"}],"predecessor-version":[{"id":502,"href":"https:\/\/elsotanoanalogico.com\/index.php\/wp-json\/wp\/v2\/posts\/500\/revisions\/502"}],"wp:attachment":[{"href":"https:\/\/elsotanoanalogico.com\/index.php\/wp-json\/wp\/v2\/media?parent=500"}],"wp:term":[{"taxonomy":"category","embeddable":true,"href":"https:\/\/elsotanoanalogico.com\/index.php\/wp-json\/wp\/v2\/categories?post=500"},{"taxonomy":"post_tag","embeddable":true,"href":"https:\/\/elsotanoanalogico.com\/index.php\/wp-json\/wp\/v2\/tags?post=500"}],"curies":[{"name":"wp","href":"https:\/\/api.w.org\/{rel}","templated":true}]}}