{"id":520,"date":"2022-08-29T10:49:10","date_gmt":"2022-08-29T09:49:10","guid":{"rendered":"https:\/\/elsotanoanalogico.com\/?p=520"},"modified":"2022-08-29T10:49:10","modified_gmt":"2022-08-29T09:49:10","slug":"oti-santana","status":"publish","type":"post","link":"https:\/\/elsotanoanalogico.com\/index.php\/2022\/08\/29\/oti-santana\/","title":{"rendered":"Oti Santana"},"content":{"rendered":"\n<figure class=\"wp-block-image size-large is-style-default\"><img loading=\"lazy\" decoding=\"async\" width=\"1024\" height=\"1024\" src=\"https:\/\/elsotanoanalogico.com\/wp-content\/uploads\/2022\/08\/Cartel-OTI-1024x1024.png\" alt=\"\" class=\"wp-image-522\" srcset=\"https:\/\/elsotanoanalogico.com\/wp-content\/uploads\/2022\/08\/Cartel-OTI-1024x1024.png 1024w, https:\/\/elsotanoanalogico.com\/wp-content\/uploads\/2022\/08\/Cartel-OTI-300x300.png 300w, https:\/\/elsotanoanalogico.com\/wp-content\/uploads\/2022\/08\/Cartel-OTI-150x150.png 150w, https:\/\/elsotanoanalogico.com\/wp-content\/uploads\/2022\/08\/Cartel-OTI-768x768.png 768w, https:\/\/elsotanoanalogico.com\/wp-content\/uploads\/2022\/08\/Cartel-OTI.png 1080w\" sizes=\"auto, (max-width: 1024px) 100vw, 1024px\" \/><\/figure>\n\n\n\n<p>Recital de poes\u00eda. <a href=\"https:\/\/entradium.com\/events\/mujer\" target=\"_blank\" rel=\"noreferrer noopener\">Compra tu entrada >>aqu\u00ed&lt;&lt;<\/a>. Oti Santana, artista que empez\u00f3 su andadura po\u00e9tica a los nueve a\u00f1os y hoy en d\u00eda se haya trabajando en el que ser\u00e1 su primer libro.<\/p>\n\n\n\n<p>Mujer, es un recital tra\u00eddo de la mano de la agencia Hartmonize dedicado a las hero\u00ednas de nuestras vidas, esas que nos cruzamos cada d\u00eda sin conocer sus batallas.<\/p>\n\n\n\n<p>S\u00e1bado 3 de Septiembre a las 20h. 8\u20ac.<\/p>\n\n\n\n<p><\/p>\n","protected":false},"excerpt":{"rendered":"<p>Recital de poes\u00eda. Compra tu entrada >>aqu\u00ed&lt;&lt;. Oti Santana, artista que empez\u00f3 su andadura po\u00e9tica a los nueve a\u00f1os y hoy en d\u00eda se haya trabajando en el que ser\u00e1 [&hellip;]<\/p>\n","protected":false},"author":2,"featured_media":0,"comment_status":"closed","ping_status":"closed","sticky":false,"template":"","format":"standard","meta":{"footnotes":""},"categories":[2,1,15],"tags":[],"class_list":["post-520","post","type-post","status-publish","format-standard","hentry","category-eventos","category-general","category-recital"],"_links":{"self":[{"href":"https:\/\/elsotanoanalogico.com\/index.php\/wp-json\/wp\/v2\/posts\/520","targetHints":{"allow":["GET"]}}],"collection":[{"href":"https:\/\/elsotanoanalogico.com\/index.php\/wp-json\/wp\/v2\/posts"}],"about":[{"href":"https:\/\/elsotanoanalogico.com\/index.php\/wp-json\/wp\/v2\/types\/post"}],"author":[{"embeddable":true,"href":"https:\/\/elsotanoanalogico.com\/index.php\/wp-json\/wp\/v2\/users\/2"}],"replies":[{"embeddable":true,"href":"https:\/\/elsotanoanalogico.com\/index.php\/wp-json\/wp\/v2\/comments?post=520"}],"version-history":[{"count":1,"href":"https:\/\/elsotanoanalogico.com\/index.php\/wp-json\/wp\/v2\/posts\/520\/revisions"}],"predecessor-version":[{"id":523,"href":"https:\/\/elsotanoanalogico.com\/index.php\/wp-json\/wp\/v2\/posts\/520\/revisions\/523"}],"wp:attachment":[{"href":"https:\/\/elsotanoanalogico.com\/index.php\/wp-json\/wp\/v2\/media?parent=520"}],"wp:term":[{"taxonomy":"category","embeddable":true,"href":"https:\/\/elsotanoanalogico.com\/index.php\/wp-json\/wp\/v2\/categories?post=520"},{"taxonomy":"post_tag","embeddable":true,"href":"https:\/\/elsotanoanalogico.com\/index.php\/wp-json\/wp\/v2\/tags?post=520"}],"curies":[{"name":"wp","href":"https:\/\/api.w.org\/{rel}","templated":true}]}}