{"id":529,"date":"2022-09-12T16:05:12","date_gmt":"2022-09-12T15:05:12","guid":{"rendered":"https:\/\/elsotanoanalogico.com\/?p=529"},"modified":"2022-09-12T16:05:12","modified_gmt":"2022-09-12T15:05:12","slug":"jean-blazer","status":"publish","type":"post","link":"https:\/\/elsotanoanalogico.com\/index.php\/2022\/09\/12\/jean-blazer\/","title":{"rendered":"Jean Blazer"},"content":{"rendered":"\n<figure class=\"wp-block-image size-full is-style-default\"><img loading=\"lazy\" decoding=\"async\" width=\"720\" height=\"900\" src=\"https:\/\/elsotanoanalogico.com\/wp-content\/uploads\/2022\/09\/JeanBlazer2022sotano.jpg\" alt=\"\" class=\"wp-image-530\" srcset=\"https:\/\/elsotanoanalogico.com\/wp-content\/uploads\/2022\/09\/JeanBlazer2022sotano.jpg 720w, https:\/\/elsotanoanalogico.com\/wp-content\/uploads\/2022\/09\/JeanBlazer2022sotano-240x300.jpg 240w\" sizes=\"auto, (max-width: 720px) 100vw, 720px\" \/><figcaption>cartel Jean Blazer por primera vez en El S\u00f3tano Anal\u00f3gico<\/figcaption><\/figure>\n\n\n\n<p>Jean Blazer llega al S\u00f3tano Anal\u00f3gico para ofrecer una experiencia musical haciendo un recorrido de su discograf\u00eda m\u00e1s reciente en formato ac\u00fastico. El vocalista y compositor V\u00edctor Batista, parte del elenco principal de C\u00e9sar Manrique el musical y finalista de Got Talent Espa\u00f1a 2019 nos ofrecer\u00e1 un concierto exclusivo e \u00edntimo.<br><br>Consigue aqu\u00ed la entrada, solo por venta anticipada. 12\u20ac con una consumici\u00f3n.<br><a href=\"https:\/\/entradium.com\/es\/events\/concierto-jean-blazer-en-acustico\">entradium.com\/es\/events\/concierto-jean-blazer-en-acustico<\/a><\/p>\n","protected":false},"excerpt":{"rendered":"<p>Jean Blazer llega al S\u00f3tano Anal\u00f3gico para ofrecer una experiencia musical haciendo un recorrido de su discograf\u00eda m\u00e1s reciente en formato ac\u00fastico. El vocalista y compositor V\u00edctor Batista, parte del [&hellip;]<\/p>\n","protected":false},"author":2,"featured_media":0,"comment_status":"closed","ping_status":"closed","sticky":false,"template":"","format":"standard","meta":{"footnotes":""},"categories":[12,2,1],"tags":[],"class_list":["post-529","post","type-post","status-publish","format-standard","hentry","category-conciertos","category-eventos","category-general"],"_links":{"self":[{"href":"https:\/\/elsotanoanalogico.com\/index.php\/wp-json\/wp\/v2\/posts\/529","targetHints":{"allow":["GET"]}}],"collection":[{"href":"https:\/\/elsotanoanalogico.com\/index.php\/wp-json\/wp\/v2\/posts"}],"about":[{"href":"https:\/\/elsotanoanalogico.com\/index.php\/wp-json\/wp\/v2\/types\/post"}],"author":[{"embeddable":true,"href":"https:\/\/elsotanoanalogico.com\/index.php\/wp-json\/wp\/v2\/users\/2"}],"replies":[{"embeddable":true,"href":"https:\/\/elsotanoanalogico.com\/index.php\/wp-json\/wp\/v2\/comments?post=529"}],"version-history":[{"count":1,"href":"https:\/\/elsotanoanalogico.com\/index.php\/wp-json\/wp\/v2\/posts\/529\/revisions"}],"predecessor-version":[{"id":531,"href":"https:\/\/elsotanoanalogico.com\/index.php\/wp-json\/wp\/v2\/posts\/529\/revisions\/531"}],"wp:attachment":[{"href":"https:\/\/elsotanoanalogico.com\/index.php\/wp-json\/wp\/v2\/media?parent=529"}],"wp:term":[{"taxonomy":"category","embeddable":true,"href":"https:\/\/elsotanoanalogico.com\/index.php\/wp-json\/wp\/v2\/categories?post=529"},{"taxonomy":"post_tag","embeddable":true,"href":"https:\/\/elsotanoanalogico.com\/index.php\/wp-json\/wp\/v2\/tags?post=529"}],"curies":[{"name":"wp","href":"https:\/\/api.w.org\/{rel}","templated":true}]}}