{"id":554,"date":"2022-10-13T13:48:51","date_gmt":"2022-10-13T12:48:51","guid":{"rendered":"https:\/\/elsotanoanalogico.com\/?p=554"},"modified":"2022-10-13T13:49:57","modified_gmt":"2022-10-13T12:49:57","slug":"noiz-lost-on-the-island","status":"publish","type":"post","link":"https:\/\/elsotanoanalogico.com\/index.php\/2022\/10\/13\/noiz-lost-on-the-island\/","title":{"rendered":"N\u00d6\u00cfZ &#8211; Lost on the Island"},"content":{"rendered":"\n<figure class=\"wp-block-image size-large is-style-default\"><img loading=\"lazy\" decoding=\"async\" width=\"1024\" height=\"980\" src=\"https:\/\/elsotanoanalogico.com\/wp-content\/uploads\/2022\/10\/danidominguez_KASEO_NOIZ-1024x980.jpeg\" alt=\"\" class=\"wp-image-556\" srcset=\"https:\/\/elsotanoanalogico.com\/wp-content\/uploads\/2022\/10\/danidominguez_KASEO_NOIZ-1024x980.jpeg 1024w, https:\/\/elsotanoanalogico.com\/wp-content\/uploads\/2022\/10\/danidominguez_KASEO_NOIZ-300x287.jpeg 300w, https:\/\/elsotanoanalogico.com\/wp-content\/uploads\/2022\/10\/danidominguez_KASEO_NOIZ-768x735.jpeg 768w, https:\/\/elsotanoanalogico.com\/wp-content\/uploads\/2022\/10\/danidominguez_KASEO_NOIZ-1200x1148.jpeg 1200w, https:\/\/elsotanoanalogico.com\/wp-content\/uploads\/2022\/10\/danidominguez_KASEO_NOIZ.jpeg 1296w\" sizes=\"auto, (max-width: 1024px) 100vw, 1024px\" \/><\/figure>\n\n\n\n<p>N\u00d6\u00cfZ (Dani Dominguez) baterista de Kaseo\u00a0con\u00a0Jazz Magnetism\u00a0en el\u00a0Festival Cero\u00a0en\u00a0Las Palmas\u00a0de Gran Canaria, estar\u00e1 ofreciendo una serie de conciertos de\u00a0#N\u00f6\u00efz\u00a0, su proyecto de electr\u00f3nica en solitario.<\/p>\n\n\n\n<p>El domingo 16 de octubre estar\u00e1 en\u00a0El S\u00f3tano Anal\u00f3gico\u00a0en nuestra sala de televisores anal\u00f3gicos y presentando en exclusiva \u201cDark Side of the Moon\u201d , su primer disco de N\u00f6\u00efz, basado en electr\u00f3nica ambiental.<\/p>\n\n\n\n<p><strong>Consigue la entrada a 5\u20ac anticipada y con una consumici\u00f3n aqu\u00ed:<\/strong><\/p>\n\n\n\n<p><a href=\"https:\/\/entradium.com\/events\/noiz-lost-on-the-island\">https:\/\/entradium.com\/events\/noiz-lost-on-the-island<\/a><\/p>\n","protected":false},"excerpt":{"rendered":"<p>N\u00d6\u00cfZ (Dani Dominguez) baterista de Kaseo\u00a0con\u00a0Jazz Magnetism\u00a0en el\u00a0Festival Cero\u00a0en\u00a0Las Palmas\u00a0de Gran Canaria, estar\u00e1 ofreciendo una serie de conciertos de\u00a0#N\u00f6\u00efz\u00a0, su proyecto de electr\u00f3nica en solitario. El domingo 16 de octubre [&hellip;]<\/p>\n","protected":false},"author":2,"featured_media":0,"comment_status":"closed","ping_status":"closed","sticky":false,"template":"","format":"standard","meta":{"footnotes":""},"categories":[12,2,1],"tags":[],"class_list":["post-554","post","type-post","status-publish","format-standard","hentry","category-conciertos","category-eventos","category-general"],"_links":{"self":[{"href":"https:\/\/elsotanoanalogico.com\/index.php\/wp-json\/wp\/v2\/posts\/554","targetHints":{"allow":["GET"]}}],"collection":[{"href":"https:\/\/elsotanoanalogico.com\/index.php\/wp-json\/wp\/v2\/posts"}],"about":[{"href":"https:\/\/elsotanoanalogico.com\/index.php\/wp-json\/wp\/v2\/types\/post"}],"author":[{"embeddable":true,"href":"https:\/\/elsotanoanalogico.com\/index.php\/wp-json\/wp\/v2\/users\/2"}],"replies":[{"embeddable":true,"href":"https:\/\/elsotanoanalogico.com\/index.php\/wp-json\/wp\/v2\/comments?post=554"}],"version-history":[{"count":2,"href":"https:\/\/elsotanoanalogico.com\/index.php\/wp-json\/wp\/v2\/posts\/554\/revisions"}],"predecessor-version":[{"id":558,"href":"https:\/\/elsotanoanalogico.com\/index.php\/wp-json\/wp\/v2\/posts\/554\/revisions\/558"}],"wp:attachment":[{"href":"https:\/\/elsotanoanalogico.com\/index.php\/wp-json\/wp\/v2\/media?parent=554"}],"wp:term":[{"taxonomy":"category","embeddable":true,"href":"https:\/\/elsotanoanalogico.com\/index.php\/wp-json\/wp\/v2\/categories?post=554"},{"taxonomy":"post_tag","embeddable":true,"href":"https:\/\/elsotanoanalogico.com\/index.php\/wp-json\/wp\/v2\/tags?post=554"}],"curies":[{"name":"wp","href":"https:\/\/api.w.org\/{rel}","templated":true}]}}