{"id":651,"date":"2022-10-17T20:08:26","date_gmt":"2022-10-17T19:08:26","guid":{"rendered":"https:\/\/elsotanoanalogico.com\/?p=651"},"modified":"2022-10-17T20:31:16","modified_gmt":"2022-10-17T19:31:16","slug":"jartofacto","status":"publish","type":"post","link":"https:\/\/elsotanoanalogico.com\/index.php\/2022\/10\/17\/jartofacto\/","title":{"rendered":"jartofacto"},"content":{"rendered":"\n<p>Carlos Garc\u00eda es&nbsp;<a href=\"https:\/\/www.instagram.com\/explore\/tags\/jartofacto\/\">jartofacto<\/a>. Son los desahogos creativos que originalmente fueron destinados a vivir en cautiverio que un buen d\u00eda, casi por accidente, se escaparon del sal\u00f3n de su casa, dieron un paseo, volvieron y han vivido en profundo letargo. Hasta ahora, en que una nueva dosis de veneno parece haberlas despertado.<\/p>\n\n\n\n<figure class=\"wp-block-image size-large is-style-default\"><img loading=\"lazy\" decoding=\"async\" width=\"1024\" height=\"1024\" src=\"https:\/\/elsotanoanalogico.com\/wp-content\/uploads\/2022\/10\/jartofacto_43f8f7dd-056f-405d-96f8-55f3cff28986-1024x1024.jpg\" alt=\"\" class=\"wp-image-653\" srcset=\"https:\/\/elsotanoanalogico.com\/wp-content\/uploads\/2022\/10\/jartofacto_43f8f7dd-056f-405d-96f8-55f3cff28986-1024x1024.jpg 1024w, https:\/\/elsotanoanalogico.com\/wp-content\/uploads\/2022\/10\/jartofacto_43f8f7dd-056f-405d-96f8-55f3cff28986-300x300.jpg 300w, https:\/\/elsotanoanalogico.com\/wp-content\/uploads\/2022\/10\/jartofacto_43f8f7dd-056f-405d-96f8-55f3cff28986-150x150.jpg 150w, https:\/\/elsotanoanalogico.com\/wp-content\/uploads\/2022\/10\/jartofacto_43f8f7dd-056f-405d-96f8-55f3cff28986-768x768.jpg 768w, https:\/\/elsotanoanalogico.com\/wp-content\/uploads\/2022\/10\/jartofacto_43f8f7dd-056f-405d-96f8-55f3cff28986.jpg 1080w\" sizes=\"auto, (max-width: 1024px) 100vw, 1024px\" \/><figcaption>Primer concierto de jartofacto en El S\u00f3tano Anal\u00f3gico<\/figcaption><\/figure>\n\n\n\n<p>Este proyecto naci\u00f3 en Las Palmas de Gran Canaria en 2015 en gran medida gracias a la motivaci\u00f3n de poder participar en lo que fue aquel sue\u00f1o que se llamaba La Ruta Playa Viva de La playa de Las Canteras. La idea de tocar viendo la puesta de sol era muy bonita como para no animarse a sacar las composiciones a la calle.<\/p>\n\n\n\n<p>Su estilo anclado a los principios de los 90\u2019s, sin intenci\u00f3n de imitar ning\u00fan sonido concreto. Sin duda, ha sido amplio el abanico sonoro que me le ha acompa\u00f1ado desde aquellos tiempos.<\/p>\n\n\n\n<p>Ser\u00e1 una actuaci\u00f3n a d\u00fao. Jos\u00e9 Carlos Cejudo (al bajo) volver\u00e1 a ser su compa\u00f1\u00eda como en aquellas pocas ocasiones en que su m\u00fasica sali\u00f3 a coger aire por los conciertos de la playa.<\/p>\n\n\n\n<p>Viernes 21 de octubre a las 20:00h. 8\u20ac con consumici\u00f3n, consigue<a rel=\"noreferrer noopener\" href=\"https:\/\/entradium.com\/events\/jartofacto\" target=\"_blank\"> tu entrada en este enlace<\/a>.<\/p>\n","protected":false},"excerpt":{"rendered":"<p>Carlos Garc\u00eda es&nbsp;jartofacto. Son los desahogos creativos que originalmente fueron destinados a vivir en cautiverio que un buen d\u00eda, casi por accidente, se escaparon del sal\u00f3n de su casa, dieron [&hellip;]<\/p>\n","protected":false},"author":2,"featured_media":0,"comment_status":"closed","ping_status":"closed","sticky":false,"template":"","format":"standard","meta":{"footnotes":""},"categories":[12,2,1],"tags":[],"class_list":["post-651","post","type-post","status-publish","format-standard","hentry","category-conciertos","category-eventos","category-general"],"_links":{"self":[{"href":"https:\/\/elsotanoanalogico.com\/index.php\/wp-json\/wp\/v2\/posts\/651","targetHints":{"allow":["GET"]}}],"collection":[{"href":"https:\/\/elsotanoanalogico.com\/index.php\/wp-json\/wp\/v2\/posts"}],"about":[{"href":"https:\/\/elsotanoanalogico.com\/index.php\/wp-json\/wp\/v2\/types\/post"}],"author":[{"embeddable":true,"href":"https:\/\/elsotanoanalogico.com\/index.php\/wp-json\/wp\/v2\/users\/2"}],"replies":[{"embeddable":true,"href":"https:\/\/elsotanoanalogico.com\/index.php\/wp-json\/wp\/v2\/comments?post=651"}],"version-history":[{"count":2,"href":"https:\/\/elsotanoanalogico.com\/index.php\/wp-json\/wp\/v2\/posts\/651\/revisions"}],"predecessor-version":[{"id":656,"href":"https:\/\/elsotanoanalogico.com\/index.php\/wp-json\/wp\/v2\/posts\/651\/revisions\/656"}],"wp:attachment":[{"href":"https:\/\/elsotanoanalogico.com\/index.php\/wp-json\/wp\/v2\/media?parent=651"}],"wp:term":[{"taxonomy":"category","embeddable":true,"href":"https:\/\/elsotanoanalogico.com\/index.php\/wp-json\/wp\/v2\/categories?post=651"},{"taxonomy":"post_tag","embeddable":true,"href":"https:\/\/elsotanoanalogico.com\/index.php\/wp-json\/wp\/v2\/tags?post=651"}],"curies":[{"name":"wp","href":"https:\/\/api.w.org\/{rel}","templated":true}]}}