{"id":678,"date":"2022-10-31T08:29:41","date_gmt":"2022-10-31T08:29:41","guid":{"rendered":"https:\/\/elsotanoanalogico.com\/?p=678"},"modified":"2022-10-31T08:29:41","modified_gmt":"2022-10-31T08:29:41","slug":"purple-place-meets-radio-raheem","status":"publish","type":"post","link":"https:\/\/elsotanoanalogico.com\/index.php\/2022\/10\/31\/purple-place-meets-radio-raheem\/","title":{"rendered":"Purple Place meets Radio Raheem"},"content":{"rendered":"\n<p>Experiencia audiovisual con la presentaci\u00f3n de dos proyectos: Purple Place, de Ana Bel\u00e9n Jarr\u00edn, un viaje subjetivo sobre la construcci\u00f3n de la identidad y la fragilidad de la piel, seguido de Radio Raheem by Dr. Milton. <\/p>\n\n\n\n<figure class=\"wp-block-image size-full is-style-default\"><img loading=\"lazy\" decoding=\"async\" width=\"928\" height=\"947\" src=\"https:\/\/elsotanoanalogico.com\/wp-content\/uploads\/2022\/10\/Purple-Place-meets-Radio-Raheem.jpeg\" alt=\"\" class=\"wp-image-680\" srcset=\"https:\/\/elsotanoanalogico.com\/wp-content\/uploads\/2022\/10\/Purple-Place-meets-Radio-Raheem.jpeg 928w, https:\/\/elsotanoanalogico.com\/wp-content\/uploads\/2022\/10\/Purple-Place-meets-Radio-Raheem-294x300.jpeg 294w, https:\/\/elsotanoanalogico.com\/wp-content\/uploads\/2022\/10\/Purple-Place-meets-Radio-Raheem-768x784.jpeg 768w\" sizes=\"auto, (max-width: 928px) 100vw, 928px\" \/><figcaption>Purple Place meets Radio Raheem. 4 de noviembre 2022.<\/figcaption><\/figure>\n\n\n\n<p>Ambientes sonoros y visuales a partir de ac\u00fastica isle\u00f1a y ondas de radio. Entradas a la venta aqu\u00ed: <a rel=\"noreferrer noopener\" href=\"https:\/\/entradium.com\/events\/purple-place-meets-radio-raheem\" target=\"_blank\">https:\/\/entradium.com\/events\/purple-place-meets-radio-raheem <\/a><br>8\u20ac, Viernes 4 de noviembre a las 20:00h. Aforo limitado. <\/p>\n","protected":false},"excerpt":{"rendered":"<p>Experiencia audiovisual con la presentaci\u00f3n de dos proyectos: Purple Place, de Ana Bel\u00e9n Jarr\u00edn, un viaje subjetivo sobre la construcci\u00f3n de la identidad y la fragilidad de la piel, seguido [&hellip;]<\/p>\n","protected":false},"author":2,"featured_media":0,"comment_status":"closed","ping_status":"closed","sticky":false,"template":"","format":"standard","meta":{"footnotes":""},"categories":[2,1,55,13],"tags":[],"class_list":["post-678","post","type-post","status-publish","format-standard","hentry","category-eventos","category-general","category-performance","category-proyecciones"],"_links":{"self":[{"href":"https:\/\/elsotanoanalogico.com\/index.php\/wp-json\/wp\/v2\/posts\/678","targetHints":{"allow":["GET"]}}],"collection":[{"href":"https:\/\/elsotanoanalogico.com\/index.php\/wp-json\/wp\/v2\/posts"}],"about":[{"href":"https:\/\/elsotanoanalogico.com\/index.php\/wp-json\/wp\/v2\/types\/post"}],"author":[{"embeddable":true,"href":"https:\/\/elsotanoanalogico.com\/index.php\/wp-json\/wp\/v2\/users\/2"}],"replies":[{"embeddable":true,"href":"https:\/\/elsotanoanalogico.com\/index.php\/wp-json\/wp\/v2\/comments?post=678"}],"version-history":[{"count":1,"href":"https:\/\/elsotanoanalogico.com\/index.php\/wp-json\/wp\/v2\/posts\/678\/revisions"}],"predecessor-version":[{"id":681,"href":"https:\/\/elsotanoanalogico.com\/index.php\/wp-json\/wp\/v2\/posts\/678\/revisions\/681"}],"wp:attachment":[{"href":"https:\/\/elsotanoanalogico.com\/index.php\/wp-json\/wp\/v2\/media?parent=678"}],"wp:term":[{"taxonomy":"category","embeddable":true,"href":"https:\/\/elsotanoanalogico.com\/index.php\/wp-json\/wp\/v2\/categories?post=678"},{"taxonomy":"post_tag","embeddable":true,"href":"https:\/\/elsotanoanalogico.com\/index.php\/wp-json\/wp\/v2\/tags?post=678"}],"curies":[{"name":"wp","href":"https:\/\/api.w.org\/{rel}","templated":true}]}}