{"id":684,"date":"2022-11-07T14:50:25","date_gmt":"2022-11-07T14:50:25","guid":{"rendered":"https:\/\/elsotanoanalogico.com\/?p=684"},"modified":"2022-11-07T15:53:27","modified_gmt":"2022-11-07T15:53:27","slug":"isa-izquierdo","status":"publish","type":"post","link":"https:\/\/elsotanoanalogico.com\/index.php\/2022\/11\/07\/isa-izquierdo\/","title":{"rendered":"Isa Izquierdo"},"content":{"rendered":"\n<p>Isa Izquierdo &amp; MVBA presentan un proyecto conjunto que fusiona el reggae con sonidos experimentales, el directo de guitarra y voz de Isa Izquierdo, con samples y sonidos electr\u00f3nicos de la mano de MVBA.<\/p>\n\n\n\n<figure class=\"wp-block-image size-full is-style-default\"><img loading=\"lazy\" decoding=\"async\" width=\"720\" height=\"719\" src=\"https:\/\/elsotanoanalogico.com\/wp-content\/uploads\/2022\/11\/IsaIzq2022.jpeg\" alt=\"\" class=\"wp-image-686\" srcset=\"https:\/\/elsotanoanalogico.com\/wp-content\/uploads\/2022\/11\/IsaIzq2022.jpeg 720w, https:\/\/elsotanoanalogico.com\/wp-content\/uploads\/2022\/11\/IsaIzq2022-300x300.jpeg 300w, https:\/\/elsotanoanalogico.com\/wp-content\/uploads\/2022\/11\/IsaIzq2022-150x150.jpeg 150w\" sizes=\"auto, (max-width: 720px) 100vw, 720px\" \/><figcaption>Isa Izq &amp; MVBA en El S\u00f3tano Anal\u00f3gico<\/figcaption><\/figure>\n\n\n\n<p>Este d\u00fao se basa en la experimentaci\u00f3n y la b\u00fasqueda de sonidos contempor\u00e1neos y combina el primer EP de Isa Izquierdo con algunos temas propios de MVBA y obras de autor\u00eda conjunta, viajando desde el reggae roots, al experimental y al DUB.<br><br>Viernes 11 de noviembre a las 20:00h puntual. Consigue la entrada a 7\u20ac, solo de manera anticipada, en un mensaje directo por Instagram a <a rel=\"noreferrer noopener\" href=\"https:\/\/www.instagram.com\/isaizquierdo_music\/\" data-type=\"URL\" data-id=\"https:\/\/www.instagram.com\/isaizquierdo_music\/\" target=\"_blank\">@isaizquierdo_music<\/a> o al correo elsotanoanalogico@gmail.com . Apertura de puertas a las 19:30h y concierto a las 20:00h.<\/p>\n","protected":false},"excerpt":{"rendered":"<p>Isa Izquierdo &amp; MVBA presentan un proyecto conjunto que fusiona el reggae con sonidos experimentales, el directo de guitarra y voz de Isa Izquierdo, con samples y sonidos electr\u00f3nicos de [&hellip;]<\/p>\n","protected":false},"author":2,"featured_media":0,"comment_status":"closed","ping_status":"closed","sticky":false,"template":"","format":"standard","meta":{"footnotes":""},"categories":[12,2,1],"tags":[],"class_list":["post-684","post","type-post","status-publish","format-standard","hentry","category-conciertos","category-eventos","category-general"],"_links":{"self":[{"href":"https:\/\/elsotanoanalogico.com\/index.php\/wp-json\/wp\/v2\/posts\/684","targetHints":{"allow":["GET"]}}],"collection":[{"href":"https:\/\/elsotanoanalogico.com\/index.php\/wp-json\/wp\/v2\/posts"}],"about":[{"href":"https:\/\/elsotanoanalogico.com\/index.php\/wp-json\/wp\/v2\/types\/post"}],"author":[{"embeddable":true,"href":"https:\/\/elsotanoanalogico.com\/index.php\/wp-json\/wp\/v2\/users\/2"}],"replies":[{"embeddable":true,"href":"https:\/\/elsotanoanalogico.com\/index.php\/wp-json\/wp\/v2\/comments?post=684"}],"version-history":[{"count":3,"href":"https:\/\/elsotanoanalogico.com\/index.php\/wp-json\/wp\/v2\/posts\/684\/revisions"}],"predecessor-version":[{"id":690,"href":"https:\/\/elsotanoanalogico.com\/index.php\/wp-json\/wp\/v2\/posts\/684\/revisions\/690"}],"wp:attachment":[{"href":"https:\/\/elsotanoanalogico.com\/index.php\/wp-json\/wp\/v2\/media?parent=684"}],"wp:term":[{"taxonomy":"category","embeddable":true,"href":"https:\/\/elsotanoanalogico.com\/index.php\/wp-json\/wp\/v2\/categories?post=684"},{"taxonomy":"post_tag","embeddable":true,"href":"https:\/\/elsotanoanalogico.com\/index.php\/wp-json\/wp\/v2\/tags?post=684"}],"curies":[{"name":"wp","href":"https:\/\/api.w.org\/{rel}","templated":true}]}}