{"id":692,"date":"2022-11-14T13:21:14","date_gmt":"2022-11-14T13:21:14","guid":{"rendered":"https:\/\/elsotanoanalogico.com\/?p=692"},"modified":"2022-11-14T13:22:59","modified_gmt":"2022-11-14T13:22:59","slug":"mariana","status":"publish","type":"post","link":"https:\/\/elsotanoanalogico.com\/index.php\/2022\/11\/14\/mariana\/","title":{"rendered":"Mariana"},"content":{"rendered":"\n<p>Surgiendo del entendimiento entre guitarra y voz de Mariana que parecen no querer ser la una sin la otra, trata de poner la honestidad en el centro.<\/p>\n\n\n\n<figure class=\"wp-block-image size-large is-style-default\"><img loading=\"lazy\" decoding=\"async\" width=\"724\" height=\"1024\" src=\"https:\/\/elsotanoanalogico.com\/wp-content\/uploads\/2022\/11\/photo_2022-11-14-13.14.09-724x1024.jpeg\" alt=\"\" class=\"wp-image-694\" srcset=\"https:\/\/elsotanoanalogico.com\/wp-content\/uploads\/2022\/11\/photo_2022-11-14-13.14.09-724x1024.jpeg 724w, https:\/\/elsotanoanalogico.com\/wp-content\/uploads\/2022\/11\/photo_2022-11-14-13.14.09-212x300.jpeg 212w, https:\/\/elsotanoanalogico.com\/wp-content\/uploads\/2022\/11\/photo_2022-11-14-13.14.09-768x1086.jpeg 768w, https:\/\/elsotanoanalogico.com\/wp-content\/uploads\/2022\/11\/photo_2022-11-14-13.14.09.jpeg 905w\" sizes=\"auto, (max-width: 724px) 100vw, 724px\" \/><\/figure>\n\n\n\n<p>Mariana se ha convertido por derecho propio y concierto a concierto en una de las voces m\u00e1s destacadas del panorama canario desde que empez\u00f3 a mostrar sus canciones en 2018. En su primer EP, \u00abA Partir del Final\u00bb, la compositora tinerfe\u00f1a encuentra en el di\u00e1logo entre instrumentos ac\u00fasticos y pedales de efectos la clave para crear atm\u00f3sferas y paisajes folk que conducen el tema principal abordado en el trabajo: el final como despedida y, tambi\u00e9n, como comienzo.<\/p>\n\n\n\n<p>Entradas a 8\u20ac en <a href=\"https:\/\/entradium.com\/events\/mariana-en-el-sotano-analogico-las-palmas-de-gran-canaria\" target=\"_blank\" rel=\"noreferrer noopener\">Entradium<\/a>. S\u00e1bado 19 de Noviembre.<\/p>\n\n\n\n<p><a href=\"https:\/\/entradium.com\/events\/mariana-en-el-sotano-analogico-las-palmas-de-gran-canaria\">https:\/\/entradium.com\/events\/mariana-en-el-sotano-analogico-las-pal<\/a><a href=\"https:\/\/entradium.com\/events\/mariana-en-el-sotano-analogico-las-palmas-de-gran-canaria\" target=\"_blank\" rel=\"noreferrer noopener\">mas-de-gran-canaria<\/a><\/p>\n","protected":false},"excerpt":{"rendered":"<p>Surgiendo del entendimiento entre guitarra y voz de Mariana que parecen no querer ser la una sin la otra, trata de poner la honestidad en el centro. Mariana se ha [&hellip;]<\/p>\n","protected":false},"author":2,"featured_media":0,"comment_status":"closed","ping_status":"closed","sticky":false,"template":"","format":"standard","meta":{"footnotes":""},"categories":[12,2,1],"tags":[],"class_list":["post-692","post","type-post","status-publish","format-standard","hentry","category-conciertos","category-eventos","category-general"],"_links":{"self":[{"href":"https:\/\/elsotanoanalogico.com\/index.php\/wp-json\/wp\/v2\/posts\/692","targetHints":{"allow":["GET"]}}],"collection":[{"href":"https:\/\/elsotanoanalogico.com\/index.php\/wp-json\/wp\/v2\/posts"}],"about":[{"href":"https:\/\/elsotanoanalogico.com\/index.php\/wp-json\/wp\/v2\/types\/post"}],"author":[{"embeddable":true,"href":"https:\/\/elsotanoanalogico.com\/index.php\/wp-json\/wp\/v2\/users\/2"}],"replies":[{"embeddable":true,"href":"https:\/\/elsotanoanalogico.com\/index.php\/wp-json\/wp\/v2\/comments?post=692"}],"version-history":[{"count":1,"href":"https:\/\/elsotanoanalogico.com\/index.php\/wp-json\/wp\/v2\/posts\/692\/revisions"}],"predecessor-version":[{"id":695,"href":"https:\/\/elsotanoanalogico.com\/index.php\/wp-json\/wp\/v2\/posts\/692\/revisions\/695"}],"wp:attachment":[{"href":"https:\/\/elsotanoanalogico.com\/index.php\/wp-json\/wp\/v2\/media?parent=692"}],"wp:term":[{"taxonomy":"category","embeddable":true,"href":"https:\/\/elsotanoanalogico.com\/index.php\/wp-json\/wp\/v2\/categories?post=692"},{"taxonomy":"post_tag","embeddable":true,"href":"https:\/\/elsotanoanalogico.com\/index.php\/wp-json\/wp\/v2\/tags?post=692"}],"curies":[{"name":"wp","href":"https:\/\/api.w.org\/{rel}","templated":true}]}}