{"id":698,"date":"2022-11-21T17:14:12","date_gmt":"2022-11-21T17:14:12","guid":{"rendered":"https:\/\/elsotanoanalogico.com\/?p=698"},"modified":"2022-11-21T17:14:12","modified_gmt":"2022-11-21T17:14:12","slug":"modo-rakune","status":"publish","type":"post","link":"https:\/\/elsotanoanalogico.com\/index.php\/2022\/11\/21\/modo-rakune\/","title":{"rendered":"Modo Rakune"},"content":{"rendered":"\n<p>Modo Rakune vuelve en este formato ac\u00fastico y nos traer\u00e1 las nuevas canciones en castellano que estar\u00e1n incluidas en su primer disco \u00abLa Fiera Calma\u00bb. El primer \u00e1lbum de la banda ver\u00e1 la luz en Diciembre. <br><\/p>\n\n\n\n<figure class=\"wp-block-image size-large is-style-default\"><img loading=\"lazy\" decoding=\"async\" width=\"819\" height=\"1024\" src=\"https:\/\/elsotanoanalogico.com\/wp-content\/uploads\/2022\/11\/modorakune-2022-819x1024.jpeg\" alt=\"\" class=\"wp-image-700\" srcset=\"https:\/\/elsotanoanalogico.com\/wp-content\/uploads\/2022\/11\/modorakune-2022-819x1024.jpeg 819w, https:\/\/elsotanoanalogico.com\/wp-content\/uploads\/2022\/11\/modorakune-2022-240x300.jpeg 240w, https:\/\/elsotanoanalogico.com\/wp-content\/uploads\/2022\/11\/modorakune-2022-768x960.jpeg 768w, https:\/\/elsotanoanalogico.com\/wp-content\/uploads\/2022\/11\/modorakune-2022.jpeg 1080w\" sizes=\"auto, (max-width: 819px) 100vw, 819px\" \/><figcaption>Cartel de Modo Rakune en El S\u00f3tano Anal\u00f3gico en 2022<\/figcaption><\/figure>\n\n\n\n<p>En esta ocasi\u00f3n el concierto ser\u00e1 en formato \u00edntimo y aforo limitado e interpretado por Jorge Brito a la guitarra y voy y Ner Su\u00e1rez a la guitarra y el piano.<\/p>\n\n\n\n<p>Entrada 7\u20ac incluye: Consumici\u00f3n + Pegatina Rakune<br><br>Consigue tus entradas en <a rel=\"noreferrer noopener\" href=\"https:\/\/entradium.com\/events\/modo-rakune-acustico-en-el-sotano-analogico\" target=\"_blank\">este enlace a Entradium<\/a>.<\/p>\n","protected":false},"excerpt":{"rendered":"<p>Modo Rakune vuelve en este formato ac\u00fastico y nos traer\u00e1 las nuevas canciones en castellano que estar\u00e1n incluidas en su primer disco \u00abLa Fiera Calma\u00bb. El primer \u00e1lbum de la [&hellip;]<\/p>\n","protected":false},"author":2,"featured_media":0,"comment_status":"closed","ping_status":"closed","sticky":false,"template":"","format":"standard","meta":{"footnotes":""},"categories":[12,2,1],"tags":[],"class_list":["post-698","post","type-post","status-publish","format-standard","hentry","category-conciertos","category-eventos","category-general"],"_links":{"self":[{"href":"https:\/\/elsotanoanalogico.com\/index.php\/wp-json\/wp\/v2\/posts\/698","targetHints":{"allow":["GET"]}}],"collection":[{"href":"https:\/\/elsotanoanalogico.com\/index.php\/wp-json\/wp\/v2\/posts"}],"about":[{"href":"https:\/\/elsotanoanalogico.com\/index.php\/wp-json\/wp\/v2\/types\/post"}],"author":[{"embeddable":true,"href":"https:\/\/elsotanoanalogico.com\/index.php\/wp-json\/wp\/v2\/users\/2"}],"replies":[{"embeddable":true,"href":"https:\/\/elsotanoanalogico.com\/index.php\/wp-json\/wp\/v2\/comments?post=698"}],"version-history":[{"count":1,"href":"https:\/\/elsotanoanalogico.com\/index.php\/wp-json\/wp\/v2\/posts\/698\/revisions"}],"predecessor-version":[{"id":701,"href":"https:\/\/elsotanoanalogico.com\/index.php\/wp-json\/wp\/v2\/posts\/698\/revisions\/701"}],"wp:attachment":[{"href":"https:\/\/elsotanoanalogico.com\/index.php\/wp-json\/wp\/v2\/media?parent=698"}],"wp:term":[{"taxonomy":"category","embeddable":true,"href":"https:\/\/elsotanoanalogico.com\/index.php\/wp-json\/wp\/v2\/categories?post=698"},{"taxonomy":"post_tag","embeddable":true,"href":"https:\/\/elsotanoanalogico.com\/index.php\/wp-json\/wp\/v2\/tags?post=698"}],"curies":[{"name":"wp","href":"https:\/\/api.w.org\/{rel}","templated":true}]}}