{"id":708,"date":"2022-11-27T16:13:25","date_gmt":"2022-11-27T16:13:25","guid":{"rendered":"https:\/\/elsotanoanalogico.com\/?p=708"},"modified":"2022-11-27T16:13:25","modified_gmt":"2022-11-27T16:13:25","slug":"mariana-y-pau-vegas","status":"publish","type":"post","link":"https:\/\/elsotanoanalogico.com\/index.php\/2022\/11\/27\/mariana-y-pau-vegas\/","title":{"rendered":"Mariana y Pau Vegas"},"content":{"rendered":"\n<figure class=\"wp-block-image size-full is-style-default\"><img loading=\"lazy\" decoding=\"async\" width=\"724\" height=\"1024\" src=\"https:\/\/elsotanoanalogico.com\/wp-content\/uploads\/2022\/11\/pau-y-mariana.jpeg\" alt=\"\" class=\"wp-image-709\" srcset=\"https:\/\/elsotanoanalogico.com\/wp-content\/uploads\/2022\/11\/pau-y-mariana.jpeg 724w, https:\/\/elsotanoanalogico.com\/wp-content\/uploads\/2022\/11\/pau-y-mariana-212x300.jpeg 212w\" sizes=\"auto, (max-width: 724px) 100vw, 724px\" \/><figcaption class=\"wp-element-caption\">Cartel del primer concierto Gal\u00e1ctico en El S\u00f3tano Anal\u00f3gico<\/figcaption><\/figure>\n\n\n\n<p>Mariana y Pau Vegas se juntan por primera vez en esta ocasi\u00f3n para hacer un concierto conjunto. Revisitar\u00e1n sus propias canciones, y alguna ajena, desde la electr\u00f3nica, la improvisaci\u00f3n y la escucha mutua.<br><br><strong>Edici\u00f3n Gal\u00e1ctica por primera vez, en El S\u00f3tano Anal\u00f3gico.<\/strong><\/p>\n\n\n\n<p><strong>Pau Vegas<\/strong> <sub>lleva m\u00e1s de 10 a\u00f1os trabajando como teclista de artistas como Amaia (actualmente en gira con ella), Mr. Kilombo, Dora, Ainoa Buitrago, Sof\u00eda Comas, y un largo etc\u00e9tera, adem\u00e1s de componente de la banda Cuarto Burl\u00e9 (antes Flor de Canela). Pero ha llegado el momento de poner voz a su propia m\u00fasica, y el resultado es un sonido pop oscuro con mucha electr\u00f3nica. En 2023 ver\u00e1 la luz su primer E.P. de la mano del Sello Calaverita Records, 4 canciones producidas por El Extintor (David Soler i Marcel Bag\u00e9s), y la cual ya la ha llevado a tocar en La Riviera (Madrid) dentro del ciclo Tomavistas Ciudad, o el pr\u00f3ximo mes de enero a ser parte del cartel del prestigioso Inverfest.<\/sub><\/p>\n\n\n\n<p><strong>Mariana<\/strong> <sub>se ha convertido por derecho propio y concierto a concierto en una de las voces m\u00e1s destacadas del panorama canario desde que empez\u00f3 a mostrar sus canciones en 2018. La tinerfe\u00f1a ha compartido escenario con artistas como Carmen Boza, Patricia L\u00e1zaro o Fajardo, y participado en diversos festivales como el Festival Boreal (Tenerife) o La Voz de la Mujer (La Palma). Surgiendo del entendimiento entre guitarra y voz, que parecen no querer ser la una sin la otra, trata de poner la honestidad en el centro.<\/sub><\/p>\n\n\n\n<p><strong>S\u00e1bado 3 de Diciembre <\/strong>(apertura a las 18:30h)<strong> evento a las 19:00h<\/strong><\/p>\n\n\n\n<p><strong>Consigue las entradas aqu\u00ed:<\/strong><\/p>\n\n\n\n<p><a href=\"https:\/\/entradium.com\/events\/mariana-pau-vegas-concierto-galactico-en-el-sotano-analogico\">https:\/\/entradium.com\/events\/mariana-pau-vegas-concierto-galactico-en-el-sotano-analogico<\/a><\/p>\n","protected":false},"excerpt":{"rendered":"<p>Mariana y Pau Vegas se juntan por primera vez en esta ocasi\u00f3n para hacer un concierto conjunto. Revisitar\u00e1n sus propias canciones, y alguna ajena, desde la electr\u00f3nica, la improvisaci\u00f3n y [&hellip;]<\/p>\n","protected":false},"author":2,"featured_media":0,"comment_status":"closed","ping_status":"closed","sticky":false,"template":"","format":"standard","meta":{"footnotes":""},"categories":[12,2,1],"tags":[],"class_list":["post-708","post","type-post","status-publish","format-standard","hentry","category-conciertos","category-eventos","category-general"],"_links":{"self":[{"href":"https:\/\/elsotanoanalogico.com\/index.php\/wp-json\/wp\/v2\/posts\/708","targetHints":{"allow":["GET"]}}],"collection":[{"href":"https:\/\/elsotanoanalogico.com\/index.php\/wp-json\/wp\/v2\/posts"}],"about":[{"href":"https:\/\/elsotanoanalogico.com\/index.php\/wp-json\/wp\/v2\/types\/post"}],"author":[{"embeddable":true,"href":"https:\/\/elsotanoanalogico.com\/index.php\/wp-json\/wp\/v2\/users\/2"}],"replies":[{"embeddable":true,"href":"https:\/\/elsotanoanalogico.com\/index.php\/wp-json\/wp\/v2\/comments?post=708"}],"version-history":[{"count":1,"href":"https:\/\/elsotanoanalogico.com\/index.php\/wp-json\/wp\/v2\/posts\/708\/revisions"}],"predecessor-version":[{"id":710,"href":"https:\/\/elsotanoanalogico.com\/index.php\/wp-json\/wp\/v2\/posts\/708\/revisions\/710"}],"wp:attachment":[{"href":"https:\/\/elsotanoanalogico.com\/index.php\/wp-json\/wp\/v2\/media?parent=708"}],"wp:term":[{"taxonomy":"category","embeddable":true,"href":"https:\/\/elsotanoanalogico.com\/index.php\/wp-json\/wp\/v2\/categories?post=708"},{"taxonomy":"post_tag","embeddable":true,"href":"https:\/\/elsotanoanalogico.com\/index.php\/wp-json\/wp\/v2\/tags?post=708"}],"curies":[{"name":"wp","href":"https:\/\/api.w.org\/{rel}","templated":true}]}}