{"id":71,"date":"2021-10-06T23:03:35","date_gmt":"2021-10-06T22:03:35","guid":{"rendered":"https:\/\/elsotanoanalogico.com\/?p=71"},"modified":"2021-10-07T00:13:46","modified_gmt":"2021-10-06T23:13:46","slug":"cultura-tertulia-el-arte-del-futuro","status":"publish","type":"post","link":"https:\/\/elsotanoanalogico.com\/index.php\/2021\/10\/06\/cultura-tertulia-el-arte-del-futuro\/","title":{"rendered":"Cultura Tertulia: El Arte del Futuro"},"content":{"rendered":"\n<h2 class=\"wp-block-heading\">Viernes 8 de Octubre a las 19:30h<\/h2>\n\n\n\n<div class=\"wp-block-image\"><figure class=\"aligncenter\"><img loading=\"lazy\" decoding=\"async\" width=\"1080\" height=\"400\" src=\"https:\/\/elsotanoanalogico.com\/wp-content\/uploads\/2021\/10\/FB_IMG_1633016436247.jpg\" alt=\"Un Espacio Para Conversar - El S\u00f3tano Anal\u00f3gico\" class=\"wp-image-44\" srcset=\"https:\/\/elsotanoanalogico.com\/wp-content\/uploads\/2021\/10\/FB_IMG_1633016436247.jpg 1080w, https:\/\/elsotanoanalogico.com\/wp-content\/uploads\/2021\/10\/FB_IMG_1633016436247-300x111.jpg 300w, https:\/\/elsotanoanalogico.com\/wp-content\/uploads\/2021\/10\/FB_IMG_1633016436247-1024x379.jpg 1024w, https:\/\/elsotanoanalogico.com\/wp-content\/uploads\/2021\/10\/FB_IMG_1633016436247-768x284.jpg 768w\" sizes=\"auto, (max-width: 1080px) 100vw, 1080px\" \/><\/figure><\/div>\n\n\n\n<p>Contaremos el viernes 8 con una mesa redonda de la mano de Cultura Tertulia en El S\u00f3tano Anal\u00f3gico. El tema de esta ser\u00e1 El Arte Del Futuro.<\/p>\n\n\n\n<p>En estos momentos ya tenemos el aforo completo para el evento. Las reservas se hicieron mediante el formulario de los integrantes de Cultura Tertulia y que fue enlazado en el Instagram. S\u00edguenos en nuestro perfil de <strong><a rel=\"noreferrer noopener\" href=\"https:\/\/www.instagram.com\/elsotanoanalogico\/\" data-type=\"URL\" data-id=\"https:\/\/www.instagram.com\/elsotanoanalogico\/\" target=\"_blank\">Instagram<\/a><\/strong> para estar al d\u00eda.<\/p>\n","protected":false},"excerpt":{"rendered":"<p>Viernes 8 de Octubre a las 19:30h Contaremos el viernes 8 con una mesa redonda de la mano de Cultura Tertulia en El S\u00f3tano Anal\u00f3gico. El tema de esta ser\u00e1 [&hellip;]<\/p>\n","protected":false},"author":2,"featured_media":0,"comment_status":"closed","ping_status":"closed","sticky":false,"template":"","format":"standard","meta":{"footnotes":""},"categories":[2,1,11],"tags":[],"class_list":["post-71","post","type-post","status-publish","format-standard","hentry","category-eventos","category-general","category-tertulia"],"_links":{"self":[{"href":"https:\/\/elsotanoanalogico.com\/index.php\/wp-json\/wp\/v2\/posts\/71","targetHints":{"allow":["GET"]}}],"collection":[{"href":"https:\/\/elsotanoanalogico.com\/index.php\/wp-json\/wp\/v2\/posts"}],"about":[{"href":"https:\/\/elsotanoanalogico.com\/index.php\/wp-json\/wp\/v2\/types\/post"}],"author":[{"embeddable":true,"href":"https:\/\/elsotanoanalogico.com\/index.php\/wp-json\/wp\/v2\/users\/2"}],"replies":[{"embeddable":true,"href":"https:\/\/elsotanoanalogico.com\/index.php\/wp-json\/wp\/v2\/comments?post=71"}],"version-history":[{"count":1,"href":"https:\/\/elsotanoanalogico.com\/index.php\/wp-json\/wp\/v2\/posts\/71\/revisions"}],"predecessor-version":[{"id":72,"href":"https:\/\/elsotanoanalogico.com\/index.php\/wp-json\/wp\/v2\/posts\/71\/revisions\/72"}],"wp:attachment":[{"href":"https:\/\/elsotanoanalogico.com\/index.php\/wp-json\/wp\/v2\/media?parent=71"}],"wp:term":[{"taxonomy":"category","embeddable":true,"href":"https:\/\/elsotanoanalogico.com\/index.php\/wp-json\/wp\/v2\/categories?post=71"},{"taxonomy":"post_tag","embeddable":true,"href":"https:\/\/elsotanoanalogico.com\/index.php\/wp-json\/wp\/v2\/tags?post=71"}],"curies":[{"name":"wp","href":"https:\/\/api.w.org\/{rel}","templated":true}]}}