{"id":733,"date":"2023-01-08T14:35:45","date_gmt":"2023-01-08T14:35:45","guid":{"rendered":"https:\/\/elsotanoanalogico.com\/?p=733"},"modified":"2023-01-08T14:45:36","modified_gmt":"2023-01-08T14:45:36","slug":"ana-nimu","status":"publish","type":"post","link":"https:\/\/elsotanoanalogico.com\/index.php\/2023\/01\/08\/ana-nimu\/","title":{"rendered":"Ana Nim\u00fa Zin-Zine"},"content":{"rendered":"\n<p><a rel=\"noreferrer noopener\" href=\"https:\/\/www.instagram.com\/ana_nimu\/\" target=\"_blank\">Ana Nim\u00fa<\/a>, artista multidisciplinar principalmente entregada al arte del fanzine, presentar\u00e1 su fanzine visual ZIN-ZINE en el El S\u00f3tano Anal\u00f3gico el 13 de enero a las 20h. Organiza Cero Fanzine. Consigue tu entrada cuanto antes &gt;&gt;<a rel=\"noreferrer noopener\" href=\"https:\/\/entradium.com\/events\/zin-zine-fanzine-audiovisual\" target=\"_blank\">AQU\u00cd<\/a>&lt;&lt; <\/p>\n\n\n\n<figure class=\"wp-block-image size-full is-style-default\"><img loading=\"lazy\" decoding=\"async\" width=\"937\" height=\"947\" src=\"https:\/\/elsotanoanalogico.com\/wp-content\/uploads\/2023\/01\/ananimucerofanzine-2023.jpeg\" alt=\"\" class=\"wp-image-734\" srcset=\"https:\/\/elsotanoanalogico.com\/wp-content\/uploads\/2023\/01\/ananimucerofanzine-2023.jpeg 937w, https:\/\/elsotanoanalogico.com\/wp-content\/uploads\/2023\/01\/ananimucerofanzine-2023-297x300.jpeg 297w, https:\/\/elsotanoanalogico.com\/wp-content\/uploads\/2023\/01\/ananimucerofanzine-2023-768x776.jpeg 768w\" sizes=\"auto, (max-width: 937px) 100vw, 937px\" \/><\/figure>\n\n\n\n<p>Corre que vuelan.<\/p>\n","protected":false},"excerpt":{"rendered":"<p>Ana Nim\u00fa, artista multidisciplinar principalmente entregada al arte del fanzine, presentar\u00e1 su fanzine visual ZIN-ZINE en el El S\u00f3tano Anal\u00f3gico el 13 de enero a las 20h. Organiza Cero Fanzine. [&hellip;]<\/p>\n","protected":false},"author":2,"featured_media":0,"comment_status":"closed","ping_status":"closed","sticky":false,"template":"","format":"standard","meta":{"footnotes":""},"categories":[2,1,13],"tags":[],"class_list":["post-733","post","type-post","status-publish","format-standard","hentry","category-eventos","category-general","category-proyecciones"],"_links":{"self":[{"href":"https:\/\/elsotanoanalogico.com\/index.php\/wp-json\/wp\/v2\/posts\/733","targetHints":{"allow":["GET"]}}],"collection":[{"href":"https:\/\/elsotanoanalogico.com\/index.php\/wp-json\/wp\/v2\/posts"}],"about":[{"href":"https:\/\/elsotanoanalogico.com\/index.php\/wp-json\/wp\/v2\/types\/post"}],"author":[{"embeddable":true,"href":"https:\/\/elsotanoanalogico.com\/index.php\/wp-json\/wp\/v2\/users\/2"}],"replies":[{"embeddable":true,"href":"https:\/\/elsotanoanalogico.com\/index.php\/wp-json\/wp\/v2\/comments?post=733"}],"version-history":[{"count":2,"href":"https:\/\/elsotanoanalogico.com\/index.php\/wp-json\/wp\/v2\/posts\/733\/revisions"}],"predecessor-version":[{"id":737,"href":"https:\/\/elsotanoanalogico.com\/index.php\/wp-json\/wp\/v2\/posts\/733\/revisions\/737"}],"wp:attachment":[{"href":"https:\/\/elsotanoanalogico.com\/index.php\/wp-json\/wp\/v2\/media?parent=733"}],"wp:term":[{"taxonomy":"category","embeddable":true,"href":"https:\/\/elsotanoanalogico.com\/index.php\/wp-json\/wp\/v2\/categories?post=733"},{"taxonomy":"post_tag","embeddable":true,"href":"https:\/\/elsotanoanalogico.com\/index.php\/wp-json\/wp\/v2\/tags?post=733"}],"curies":[{"name":"wp","href":"https:\/\/api.w.org\/{rel}","templated":true}]}}