{"id":746,"date":"2023-01-23T14:08:57","date_gmt":"2023-01-23T14:08:57","guid":{"rendered":"https:\/\/elsotanoanalogico.com\/?p=746"},"modified":"2023-01-23T14:10:59","modified_gmt":"2023-01-23T14:10:59","slug":"elodie-duele","status":"publish","type":"post","link":"https:\/\/elsotanoanalogico.com\/index.php\/2023\/01\/23\/elodie-duele\/","title":{"rendered":"Elodie + Duele"},"content":{"rendered":"\n<p>Elodi\u00e8 vuelve a sacar una de las propuestas mas alternativas de Tenerife. Este inquieto m\u00fasico, a punto de llegar a sus doscientos conciertos documentados, ahora con formato banda, visitar\u00e1 el pr\u00f3ximo fin de semana en El S\u00f3tano Anal\u00f3gico, junto a tambi\u00e9n los tinerfe\u00f1os Duele que empiezan a abrirse camino como d\u00fao en los escenarios canarios.<\/p>\n\n\n\n<figure class=\"wp-block-image size-large is-style-default\"><img loading=\"lazy\" decoding=\"async\" width=\"724\" height=\"1024\" src=\"https:\/\/elsotanoanalogico.com\/wp-content\/uploads\/2023\/01\/elodie_duele_2023-724x1024.jpeg\" alt=\"\" class=\"wp-image-747\" srcset=\"https:\/\/elsotanoanalogico.com\/wp-content\/uploads\/2023\/01\/elodie_duele_2023-724x1024.jpeg 724w, https:\/\/elsotanoanalogico.com\/wp-content\/uploads\/2023\/01\/elodie_duele_2023-212x300.jpeg 212w, https:\/\/elsotanoanalogico.com\/wp-content\/uploads\/2023\/01\/elodie_duele_2023-768x1086.jpeg 768w, https:\/\/elsotanoanalogico.com\/wp-content\/uploads\/2023\/01\/elodie_duele_2023-1086x1536.jpeg 1086w, https:\/\/elsotanoanalogico.com\/wp-content\/uploads\/2023\/01\/elodie_duele_2023.jpeg 1131w\" sizes=\"auto, (max-width: 724px) 100vw, 724px\" \/><figcaption class=\"wp-element-caption\">Cartel de Elodi\u00e8 + Duele el 27 de enero de 2023 en El S\u00f3tano Anal\u00f3gico<\/figcaption><\/figure>\n\n\n\n<p>Viernes 27 a las 20:00h. Consigue tu entrada <a rel=\"noreferrer noopener\" href=\"https:\/\/entradium.com\/events\/elodie-duele\" target=\"_blank\">en este enlace de entradium.<\/a><\/p>\n","protected":false},"excerpt":{"rendered":"<p>Elodi\u00e8 vuelve a sacar una de las propuestas mas alternativas de Tenerife. Este inquieto m\u00fasico, a punto de llegar a sus doscientos conciertos documentados, ahora con formato banda, visitar\u00e1 el [&hellip;]<\/p>\n","protected":false},"author":2,"featured_media":0,"comment_status":"closed","ping_status":"closed","sticky":false,"template":"","format":"standard","meta":{"footnotes":""},"categories":[12,2,1],"tags":[],"class_list":["post-746","post","type-post","status-publish","format-standard","hentry","category-conciertos","category-eventos","category-general"],"_links":{"self":[{"href":"https:\/\/elsotanoanalogico.com\/index.php\/wp-json\/wp\/v2\/posts\/746","targetHints":{"allow":["GET"]}}],"collection":[{"href":"https:\/\/elsotanoanalogico.com\/index.php\/wp-json\/wp\/v2\/posts"}],"about":[{"href":"https:\/\/elsotanoanalogico.com\/index.php\/wp-json\/wp\/v2\/types\/post"}],"author":[{"embeddable":true,"href":"https:\/\/elsotanoanalogico.com\/index.php\/wp-json\/wp\/v2\/users\/2"}],"replies":[{"embeddable":true,"href":"https:\/\/elsotanoanalogico.com\/index.php\/wp-json\/wp\/v2\/comments?post=746"}],"version-history":[{"count":2,"href":"https:\/\/elsotanoanalogico.com\/index.php\/wp-json\/wp\/v2\/posts\/746\/revisions"}],"predecessor-version":[{"id":750,"href":"https:\/\/elsotanoanalogico.com\/index.php\/wp-json\/wp\/v2\/posts\/746\/revisions\/750"}],"wp:attachment":[{"href":"https:\/\/elsotanoanalogico.com\/index.php\/wp-json\/wp\/v2\/media?parent=746"}],"wp:term":[{"taxonomy":"category","embeddable":true,"href":"https:\/\/elsotanoanalogico.com\/index.php\/wp-json\/wp\/v2\/categories?post=746"},{"taxonomy":"post_tag","embeddable":true,"href":"https:\/\/elsotanoanalogico.com\/index.php\/wp-json\/wp\/v2\/tags?post=746"}],"curies":[{"name":"wp","href":"https:\/\/api.w.org\/{rel}","templated":true}]}}