{"id":762,"date":"2023-02-07T15:09:59","date_gmt":"2023-02-07T15:09:59","guid":{"rendered":"https:\/\/elsotanoanalogico.com\/?p=762"},"modified":"2023-02-07T15:09:59","modified_gmt":"2023-02-07T15:09:59","slug":"grupo-diana","status":"publish","type":"post","link":"https:\/\/elsotanoanalogico.com\/index.php\/2023\/02\/07\/grupo-diana\/","title":{"rendered":"Grupo Diana"},"content":{"rendered":"\n<figure class=\"wp-block-image size-large is-style-default\"><img loading=\"lazy\" decoding=\"async\" width=\"1024\" height=\"768\" src=\"https:\/\/elsotanoanalogico.com\/wp-content\/uploads\/2023\/02\/Diana_329763070_495429439446978_2699405291561887094_n-1024x768.jpg\" alt=\"\" class=\"wp-image-763\" srcset=\"https:\/\/elsotanoanalogico.com\/wp-content\/uploads\/2023\/02\/Diana_329763070_495429439446978_2699405291561887094_n-1024x768.jpg 1024w, https:\/\/elsotanoanalogico.com\/wp-content\/uploads\/2023\/02\/Diana_329763070_495429439446978_2699405291561887094_n-300x225.jpg 300w, https:\/\/elsotanoanalogico.com\/wp-content\/uploads\/2023\/02\/Diana_329763070_495429439446978_2699405291561887094_n-768x576.jpg 768w, https:\/\/elsotanoanalogico.com\/wp-content\/uploads\/2023\/02\/Diana_329763070_495429439446978_2699405291561887094_n.jpg 1080w\" sizes=\"auto, (max-width: 1024px) 100vw, 1024px\" \/><\/figure>\n\n\n\n<p>El grupo Diana estar\u00e1 en El S\u00f3tano Anal\u00f3gico el 10 de ferebro, entrada 10\u20ac. Consiguela por adelantado en la tienda \u00abmi casa de la m\u00fasica\u00bb en la Alameda de Col\u00f3n (LPGC). Aforo Limitado.<\/p>\n","protected":false},"excerpt":{"rendered":"<p>El grupo Diana estar\u00e1 en El S\u00f3tano Anal\u00f3gico el 10 de ferebro, entrada 10\u20ac. Consiguela por adelantado en la tienda \u00abmi casa de la m\u00fasica\u00bb en la Alameda de Col\u00f3n [&hellip;]<\/p>\n","protected":false},"author":2,"featured_media":0,"comment_status":"closed","ping_status":"closed","sticky":false,"template":"","format":"standard","meta":{"footnotes":""},"categories":[12,2,1],"tags":[],"class_list":["post-762","post","type-post","status-publish","format-standard","hentry","category-conciertos","category-eventos","category-general"],"_links":{"self":[{"href":"https:\/\/elsotanoanalogico.com\/index.php\/wp-json\/wp\/v2\/posts\/762","targetHints":{"allow":["GET"]}}],"collection":[{"href":"https:\/\/elsotanoanalogico.com\/index.php\/wp-json\/wp\/v2\/posts"}],"about":[{"href":"https:\/\/elsotanoanalogico.com\/index.php\/wp-json\/wp\/v2\/types\/post"}],"author":[{"embeddable":true,"href":"https:\/\/elsotanoanalogico.com\/index.php\/wp-json\/wp\/v2\/users\/2"}],"replies":[{"embeddable":true,"href":"https:\/\/elsotanoanalogico.com\/index.php\/wp-json\/wp\/v2\/comments?post=762"}],"version-history":[{"count":1,"href":"https:\/\/elsotanoanalogico.com\/index.php\/wp-json\/wp\/v2\/posts\/762\/revisions"}],"predecessor-version":[{"id":764,"href":"https:\/\/elsotanoanalogico.com\/index.php\/wp-json\/wp\/v2\/posts\/762\/revisions\/764"}],"wp:attachment":[{"href":"https:\/\/elsotanoanalogico.com\/index.php\/wp-json\/wp\/v2\/media?parent=762"}],"wp:term":[{"taxonomy":"category","embeddable":true,"href":"https:\/\/elsotanoanalogico.com\/index.php\/wp-json\/wp\/v2\/categories?post=762"},{"taxonomy":"post_tag","embeddable":true,"href":"https:\/\/elsotanoanalogico.com\/index.php\/wp-json\/wp\/v2\/tags?post=762"}],"curies":[{"name":"wp","href":"https:\/\/api.w.org\/{rel}","templated":true}]}}