{"id":767,"date":"2023-02-14T11:54:38","date_gmt":"2023-02-14T11:54:38","guid":{"rendered":"https:\/\/elsotanoanalogico.com\/?p=767"},"modified":"2023-02-14T11:54:38","modified_gmt":"2023-02-14T11:54:38","slug":"kobato-d-o-c","status":"publish","type":"post","link":"https:\/\/elsotanoanalogico.com\/index.php\/2023\/02\/14\/kobato-d-o-c\/","title":{"rendered":"Kobato &#038; D.O.C."},"content":{"rendered":"\n<figure class=\"wp-block-image size-large is-style-default\"><img loading=\"lazy\" decoding=\"async\" width=\"1024\" height=\"1024\" src=\"https:\/\/elsotanoanalogico.com\/wp-content\/uploads\/2023\/02\/kobato_doc330964620_1292721511588013_4764260475405940771_n-1024x1024.jpg\" alt=\"\" class=\"wp-image-768\" srcset=\"https:\/\/elsotanoanalogico.com\/wp-content\/uploads\/2023\/02\/kobato_doc330964620_1292721511588013_4764260475405940771_n-1024x1024.jpg 1024w, https:\/\/elsotanoanalogico.com\/wp-content\/uploads\/2023\/02\/kobato_doc330964620_1292721511588013_4764260475405940771_n-300x300.jpg 300w, https:\/\/elsotanoanalogico.com\/wp-content\/uploads\/2023\/02\/kobato_doc330964620_1292721511588013_4764260475405940771_n-150x150.jpg 150w, https:\/\/elsotanoanalogico.com\/wp-content\/uploads\/2023\/02\/kobato_doc330964620_1292721511588013_4764260475405940771_n-768x768.jpg 768w, https:\/\/elsotanoanalogico.com\/wp-content\/uploads\/2023\/02\/kobato_doc330964620_1292721511588013_4764260475405940771_n.jpg 1080w\" sizes=\"auto, (max-width: 1024px) 100vw, 1024px\" \/><figcaption class=\"wp-element-caption\">Cartel de Kobato &amp; D.O.C. en El S\u00f3tano Anal\u00f3gico. Febrero de 2023.<\/figcaption><\/figure>\n\n\n\n<p>Kobato &amp; D.O.C. son dos cantantes italianos de la ciudad de Roma.<\/p>\n\n\n\n<p>Kobato es una cantautora, apasionada desde siempre por el g\u00e9nero fant\u00e1stico y la poes\u00eda, cuenta a trav\u00e9s de sus canciones mundos interiores, sentimientos y conciencias adquiridas.<\/p>\n\n\n\n<p>Doc Artista rapero de 23 a\u00f1os con una inmensa pasi\u00f3n por la m\u00fasica ha estado escribiendo letras desde que era un ni\u00f1o. Queriendo contar su historia haciendo sentir emociones fuertes a las personas que lo escuchan, enfocando su arte en las sensaciones.<\/p>\n\n\n\n<p>Juntos actuar\u00e1n el viernes 17 a las 20h (puntuales) en El S\u00f3tano Anal\u00f3gico. Aforo muy limitado. Consigue las entradas en este <a href=\"https:\/\/entradium.com\/events\/kobato-doc\" target=\"_blank\" rel=\"noreferrer noopener\">enlace de entradium<\/a>.<\/p>\n","protected":false},"excerpt":{"rendered":"<p>Kobato &amp; D.O.C. son dos cantantes italianos de la ciudad de Roma. Kobato es una cantautora, apasionada desde siempre por el g\u00e9nero fant\u00e1stico y la poes\u00eda, cuenta a trav\u00e9s de [&hellip;]<\/p>\n","protected":false},"author":2,"featured_media":0,"comment_status":"closed","ping_status":"closed","sticky":false,"template":"","format":"standard","meta":{"footnotes":""},"categories":[12,2,1],"tags":[],"class_list":["post-767","post","type-post","status-publish","format-standard","hentry","category-conciertos","category-eventos","category-general"],"_links":{"self":[{"href":"https:\/\/elsotanoanalogico.com\/index.php\/wp-json\/wp\/v2\/posts\/767","targetHints":{"allow":["GET"]}}],"collection":[{"href":"https:\/\/elsotanoanalogico.com\/index.php\/wp-json\/wp\/v2\/posts"}],"about":[{"href":"https:\/\/elsotanoanalogico.com\/index.php\/wp-json\/wp\/v2\/types\/post"}],"author":[{"embeddable":true,"href":"https:\/\/elsotanoanalogico.com\/index.php\/wp-json\/wp\/v2\/users\/2"}],"replies":[{"embeddable":true,"href":"https:\/\/elsotanoanalogico.com\/index.php\/wp-json\/wp\/v2\/comments?post=767"}],"version-history":[{"count":1,"href":"https:\/\/elsotanoanalogico.com\/index.php\/wp-json\/wp\/v2\/posts\/767\/revisions"}],"predecessor-version":[{"id":769,"href":"https:\/\/elsotanoanalogico.com\/index.php\/wp-json\/wp\/v2\/posts\/767\/revisions\/769"}],"wp:attachment":[{"href":"https:\/\/elsotanoanalogico.com\/index.php\/wp-json\/wp\/v2\/media?parent=767"}],"wp:term":[{"taxonomy":"category","embeddable":true,"href":"https:\/\/elsotanoanalogico.com\/index.php\/wp-json\/wp\/v2\/categories?post=767"},{"taxonomy":"post_tag","embeddable":true,"href":"https:\/\/elsotanoanalogico.com\/index.php\/wp-json\/wp\/v2\/tags?post=767"}],"curies":[{"name":"wp","href":"https:\/\/api.w.org\/{rel}","templated":true}]}}