{"id":782,"date":"2023-02-27T13:10:30","date_gmt":"2023-02-27T13:10:30","guid":{"rendered":"https:\/\/elsotanoanalogico.com\/?p=782"},"modified":"2023-02-27T13:10:30","modified_gmt":"2023-02-27T13:10:30","slug":"taio-boumort","status":"publish","type":"post","link":"https:\/\/elsotanoanalogico.com\/index.php\/2023\/02\/27\/taio-boumort\/","title":{"rendered":"Taio Boumort"},"content":{"rendered":"\n<figure class=\"wp-block-image size-large is-style-default\"><img loading=\"lazy\" decoding=\"async\" width=\"819\" height=\"1024\" src=\"https:\/\/elsotanoanalogico.com\/wp-content\/uploads\/2023\/02\/Taio_Boumort_marzo_2023_v1-819x1024.jpg\" alt=\"\" class=\"wp-image-783\" srcset=\"https:\/\/elsotanoanalogico.com\/wp-content\/uploads\/2023\/02\/Taio_Boumort_marzo_2023_v1-819x1024.jpg 819w, https:\/\/elsotanoanalogico.com\/wp-content\/uploads\/2023\/02\/Taio_Boumort_marzo_2023_v1-240x300.jpg 240w, https:\/\/elsotanoanalogico.com\/wp-content\/uploads\/2023\/02\/Taio_Boumort_marzo_2023_v1-768x960.jpg 768w, https:\/\/elsotanoanalogico.com\/wp-content\/uploads\/2023\/02\/Taio_Boumort_marzo_2023_v1.jpg 1080w\" sizes=\"auto, (max-width: 819px) 100vw, 819px\" \/><\/figure>\n\n\n\n<p>Taio Boumort nos trae una tarde noche de canciones de carretera y viajes interiores con su M\u00fasica Americana con Roots Rock. Estar\u00e1 presentando en versi\u00f3n ac\u00fastico su disco \u00abBerlin:4songs\u00bb en El S\u00f3tano Anal\u00f3gico. Entrada normal 7\u20ac, entrada con CD 10\u20ac. Ambas incluyen una consumici\u00f3n.<br><br>Consiguelas entradas aqu\u00ed:<br><a href=\"https:\/\/entradium.com\/events\/taio-boumort-las-palmas-de-gran-canaria\" target=\"_blank\" rel=\"noreferrer noopener\">https:\/\/entradium.com\/events\/taio-boumort-las-palmas-de-gran-canaria<\/a><\/p>\n\n\n\n<p><\/p>\n","protected":false},"excerpt":{"rendered":"<p>Taio Boumort nos trae una tarde noche de canciones de carretera y viajes interiores con su M\u00fasica Americana con Roots Rock. Estar\u00e1 presentando en versi\u00f3n ac\u00fastico su disco \u00abBerlin:4songs\u00bb en [&hellip;]<\/p>\n","protected":false},"author":2,"featured_media":0,"comment_status":"closed","ping_status":"closed","sticky":false,"template":"","format":"standard","meta":{"footnotes":""},"categories":[12,2,1],"tags":[],"class_list":["post-782","post","type-post","status-publish","format-standard","hentry","category-conciertos","category-eventos","category-general"],"_links":{"self":[{"href":"https:\/\/elsotanoanalogico.com\/index.php\/wp-json\/wp\/v2\/posts\/782","targetHints":{"allow":["GET"]}}],"collection":[{"href":"https:\/\/elsotanoanalogico.com\/index.php\/wp-json\/wp\/v2\/posts"}],"about":[{"href":"https:\/\/elsotanoanalogico.com\/index.php\/wp-json\/wp\/v2\/types\/post"}],"author":[{"embeddable":true,"href":"https:\/\/elsotanoanalogico.com\/index.php\/wp-json\/wp\/v2\/users\/2"}],"replies":[{"embeddable":true,"href":"https:\/\/elsotanoanalogico.com\/index.php\/wp-json\/wp\/v2\/comments?post=782"}],"version-history":[{"count":1,"href":"https:\/\/elsotanoanalogico.com\/index.php\/wp-json\/wp\/v2\/posts\/782\/revisions"}],"predecessor-version":[{"id":784,"href":"https:\/\/elsotanoanalogico.com\/index.php\/wp-json\/wp\/v2\/posts\/782\/revisions\/784"}],"wp:attachment":[{"href":"https:\/\/elsotanoanalogico.com\/index.php\/wp-json\/wp\/v2\/media?parent=782"}],"wp:term":[{"taxonomy":"category","embeddable":true,"href":"https:\/\/elsotanoanalogico.com\/index.php\/wp-json\/wp\/v2\/categories?post=782"},{"taxonomy":"post_tag","embeddable":true,"href":"https:\/\/elsotanoanalogico.com\/index.php\/wp-json\/wp\/v2\/tags?post=782"}],"curies":[{"name":"wp","href":"https:\/\/api.w.org\/{rel}","templated":true}]}}