{"id":789,"date":"2023-03-06T14:51:18","date_gmt":"2023-03-06T14:51:18","guid":{"rendered":"https:\/\/elsotanoanalogico.com\/?p=789"},"modified":"2023-03-06T14:51:18","modified_gmt":"2023-03-06T14:51:18","slug":"naby-zana-mama-africa","status":"publish","type":"post","link":"https:\/\/elsotanoanalogico.com\/index.php\/2023\/03\/06\/naby-zana-mama-africa\/","title":{"rendered":"Naby Zana (Mam\u00e1 \u00c1frica)"},"content":{"rendered":"\n<p>Naby Zana y su banda Mam\u00e1 \u00c1frica compuesta de artistas internacionales de varios continentes con influencias de Guinea.<\/p>\n\n\n\n<figure class=\"wp-block-image size-large is-style-default\"><img loading=\"lazy\" decoding=\"async\" width=\"723\" height=\"1024\" src=\"https:\/\/elsotanoanalogico.com\/wp-content\/uploads\/2023\/03\/photo_2023-03-06-14.19.34-723x1024.jpeg\" alt=\"\" class=\"wp-image-790\" srcset=\"https:\/\/elsotanoanalogico.com\/wp-content\/uploads\/2023\/03\/photo_2023-03-06-14.19.34-723x1024.jpeg 723w, https:\/\/elsotanoanalogico.com\/wp-content\/uploads\/2023\/03\/photo_2023-03-06-14.19.34-212x300.jpeg 212w, https:\/\/elsotanoanalogico.com\/wp-content\/uploads\/2023\/03\/photo_2023-03-06-14.19.34-768x1087.jpeg 768w, https:\/\/elsotanoanalogico.com\/wp-content\/uploads\/2023\/03\/photo_2023-03-06-14.19.34.jpeg 904w\" sizes=\"auto, (max-width: 723px) 100vw, 723px\" \/><figcaption class=\"wp-element-caption\">Cartel de Naby Zana el viernes 10 de marzo de 2023 en El S\u00f3tano Anal\u00f3gico<\/figcaption><\/figure>\n\n\n\n<p>Su m\u00fasica mel\u00f3dica suena al ritmo de la percusi\u00f3n y cuerdas, guiadas por la dulce voz de Naby.<\/p>\n\n\n\n<p>Guitarra y voz: Naby (Guinea)<\/p>\n\n\n\n<p>Guitarra: Juli\u00e1n (Colombia)<\/p>\n\n\n\n<p>Bajo: Edgar (Canarias)<\/p>\n\n\n\n<p>Percusi\u00f3n: Pedro (Sevilla)<br><br>Consigue tus entradas en <a href=\"https:\/\/entradium.com\/events\/naby-zana-mama-africa\" data-type=\"URL\" data-id=\"https:\/\/entradium.com\/events\/naby-zana-mama-africa\" target=\"_blank\" rel=\"noreferrer noopener\">este enlace de Entradium.com<\/a><\/p>\n","protected":false},"excerpt":{"rendered":"<p>Naby Zana y su banda Mam\u00e1 \u00c1frica compuesta de artistas internacionales de varios continentes con influencias de Guinea. Su m\u00fasica mel\u00f3dica suena al ritmo de la percusi\u00f3n y cuerdas, guiadas [&hellip;]<\/p>\n","protected":false},"author":2,"featured_media":0,"comment_status":"closed","ping_status":"closed","sticky":false,"template":"","format":"standard","meta":{"footnotes":""},"categories":[12,2,1],"tags":[],"class_list":["post-789","post","type-post","status-publish","format-standard","hentry","category-conciertos","category-eventos","category-general"],"_links":{"self":[{"href":"https:\/\/elsotanoanalogico.com\/index.php\/wp-json\/wp\/v2\/posts\/789","targetHints":{"allow":["GET"]}}],"collection":[{"href":"https:\/\/elsotanoanalogico.com\/index.php\/wp-json\/wp\/v2\/posts"}],"about":[{"href":"https:\/\/elsotanoanalogico.com\/index.php\/wp-json\/wp\/v2\/types\/post"}],"author":[{"embeddable":true,"href":"https:\/\/elsotanoanalogico.com\/index.php\/wp-json\/wp\/v2\/users\/2"}],"replies":[{"embeddable":true,"href":"https:\/\/elsotanoanalogico.com\/index.php\/wp-json\/wp\/v2\/comments?post=789"}],"version-history":[{"count":1,"href":"https:\/\/elsotanoanalogico.com\/index.php\/wp-json\/wp\/v2\/posts\/789\/revisions"}],"predecessor-version":[{"id":791,"href":"https:\/\/elsotanoanalogico.com\/index.php\/wp-json\/wp\/v2\/posts\/789\/revisions\/791"}],"wp:attachment":[{"href":"https:\/\/elsotanoanalogico.com\/index.php\/wp-json\/wp\/v2\/media?parent=789"}],"wp:term":[{"taxonomy":"category","embeddable":true,"href":"https:\/\/elsotanoanalogico.com\/index.php\/wp-json\/wp\/v2\/categories?post=789"},{"taxonomy":"post_tag","embeddable":true,"href":"https:\/\/elsotanoanalogico.com\/index.php\/wp-json\/wp\/v2\/tags?post=789"}],"curies":[{"name":"wp","href":"https:\/\/api.w.org\/{rel}","templated":true}]}}