{"id":793,"date":"2023-03-21T09:29:35","date_gmt":"2023-03-21T09:29:35","guid":{"rendered":"https:\/\/elsotanoanalogico.com\/?p=793"},"modified":"2023-03-21T09:38:27","modified_gmt":"2023-03-21T09:38:27","slug":"modofocoide","status":"publish","type":"post","link":"https:\/\/elsotanoanalogico.com\/index.php\/2023\/03\/21\/modofocoide\/","title":{"rendered":"M\u00d8D\u00d4FOC\u00d6IDE"},"content":{"rendered":"\n<p>S\u00ed, Modofocoide, los mismos que en octubre de 2021 dieron el pistoletazo de salida al inicio de los conciertos en El S\u00f3tano Anal\u00f3gico post-pandemia.  <br><\/p>\n\n\n\n<figure class=\"wp-block-image size-large is-style-default\"><img loading=\"lazy\" decoding=\"async\" width=\"724\" height=\"1024\" src=\"https:\/\/elsotanoanalogico.com\/wp-content\/uploads\/2023\/03\/cartel-modofocoide-2023-sotano-724x1024.jpeg\" alt=\"\" class=\"wp-image-794\" srcset=\"https:\/\/elsotanoanalogico.com\/wp-content\/uploads\/2023\/03\/cartel-modofocoide-2023-sotano-724x1024.jpeg 724w, https:\/\/elsotanoanalogico.com\/wp-content\/uploads\/2023\/03\/cartel-modofocoide-2023-sotano-212x300.jpeg 212w, https:\/\/elsotanoanalogico.com\/wp-content\/uploads\/2023\/03\/cartel-modofocoide-2023-sotano-768x1087.jpeg 768w, https:\/\/elsotanoanalogico.com\/wp-content\/uploads\/2023\/03\/cartel-modofocoide-2023-sotano-1086x1536.jpeg 1086w, https:\/\/elsotanoanalogico.com\/wp-content\/uploads\/2023\/03\/cartel-modofocoide-2023-sotano.jpeg 1181w\" sizes=\"auto, (max-width: 724px) 100vw, 724px\" \/><figcaption class=\"wp-element-caption\">Cartel de Modofocoide el 25 de marzo de 2023 en El S\u00f3tano Anal\u00f3gico<\/figcaption><\/figure>\n\n\n\n<p>Autodenominados como \u00abel peor grupo de Canarias\u00bb con el ratio de ensayos\/conciertos 1:1. Con sus letras irreventes, su m\u00fasica punk-electr\u00f3nico, su poca capacidad art\u00edstica y creativa te cautivar\u00e1 o te har\u00e1 salir despavorido del local.<\/p>\n\n\n\n<p>Como siempre interpretar\u00e1n sus temas \u00abFiesta Erasmus\u00bb, \u00abVacaciones en el Aparheid\u00bb, \u00abLa Jungla del Cristal\u00bb y otras canciones m\u00e1s recientes y peores.<\/p>\n\n\n\n<p>No te pierdas la oportunidad de abuchear sin reparo, a ellos no les importa, incluso lo prefieren. <br><br>Consigue tus entradas en <a rel=\"noreferrer noopener\" href=\"https:\/\/entradium.com\/events\/modofocoide\" target=\"_blank\">Entradium.com en este enlace<\/a> o en las historias de <a rel=\"noreferrer noopener\" href=\"https:\/\/www.instagram.com\/elsotanoanalogico\/\" target=\"_blank\">Instagram de El S\u00f3tano Anal\u00f3gico<\/a>. <br><\/p>\n\n\n\n<p><strong>S\u00e1bado 25 de marzo a las 20:00h<\/strong><br><strong>8\u20ac<\/strong> anticipadas por este medio, o<strong> 10\u20ac<\/strong> en puerta (en efectivo).<\/p>\n","protected":false},"excerpt":{"rendered":"<p>S\u00ed, Modofocoide, los mismos que en octubre de 2021 dieron el pistoletazo de salida al inicio de los conciertos en El S\u00f3tano Anal\u00f3gico post-pandemia. Autodenominados como \u00abel peor grupo de [&hellip;]<\/p>\n","protected":false},"author":2,"featured_media":0,"comment_status":"closed","ping_status":"closed","sticky":false,"template":"","format":"standard","meta":{"footnotes":""},"categories":[12,2,1],"tags":[],"class_list":["post-793","post","type-post","status-publish","format-standard","hentry","category-conciertos","category-eventos","category-general"],"_links":{"self":[{"href":"https:\/\/elsotanoanalogico.com\/index.php\/wp-json\/wp\/v2\/posts\/793","targetHints":{"allow":["GET"]}}],"collection":[{"href":"https:\/\/elsotanoanalogico.com\/index.php\/wp-json\/wp\/v2\/posts"}],"about":[{"href":"https:\/\/elsotanoanalogico.com\/index.php\/wp-json\/wp\/v2\/types\/post"}],"author":[{"embeddable":true,"href":"https:\/\/elsotanoanalogico.com\/index.php\/wp-json\/wp\/v2\/users\/2"}],"replies":[{"embeddable":true,"href":"https:\/\/elsotanoanalogico.com\/index.php\/wp-json\/wp\/v2\/comments?post=793"}],"version-history":[{"count":3,"href":"https:\/\/elsotanoanalogico.com\/index.php\/wp-json\/wp\/v2\/posts\/793\/revisions"}],"predecessor-version":[{"id":799,"href":"https:\/\/elsotanoanalogico.com\/index.php\/wp-json\/wp\/v2\/posts\/793\/revisions\/799"}],"wp:attachment":[{"href":"https:\/\/elsotanoanalogico.com\/index.php\/wp-json\/wp\/v2\/media?parent=793"}],"wp:term":[{"taxonomy":"category","embeddable":true,"href":"https:\/\/elsotanoanalogico.com\/index.php\/wp-json\/wp\/v2\/categories?post=793"},{"taxonomy":"post_tag","embeddable":true,"href":"https:\/\/elsotanoanalogico.com\/index.php\/wp-json\/wp\/v2\/tags?post=793"}],"curies":[{"name":"wp","href":"https:\/\/api.w.org\/{rel}","templated":true}]}}