{"id":800,"date":"2023-03-27T15:19:51","date_gmt":"2023-03-27T14:19:51","guid":{"rendered":"https:\/\/elsotanoanalogico.com\/?p=800"},"modified":"2023-03-27T15:19:51","modified_gmt":"2023-03-27T14:19:51","slug":"jorge-sonia","status":"publish","type":"post","link":"https:\/\/elsotanoanalogico.com\/index.php\/2023\/03\/27\/jorge-sonia\/","title":{"rendered":"Jorge &#038; Sonia"},"content":{"rendered":"\n<p>Sonia Martell es pianista y compositora junto con Jorge P\u00e9rez, cantautor. Juntos son un d\u00fao de m\u00fasicos canarios (Isla de La Palma) afincados en Madrid, que fusionan diversos estilos musicales, entre ellos: rock, pop, jazz, canci\u00f3n de autor, blues o cl\u00e1sico, entre otros. Es en el a\u00f1o 2022 y en esta misma ciudad donde comienzan a trabajar juntos en diversos proyectos musicales.<\/p>\n\n\n\n<figure class=\"wp-block-image size-large is-style-default\"><img loading=\"lazy\" decoding=\"async\" width=\"724\" height=\"1024\" src=\"https:\/\/elsotanoanalogico.com\/wp-content\/uploads\/2023\/03\/soniajorge2023-724x1024.jpg\" alt=\"\" class=\"wp-image-801\" srcset=\"https:\/\/elsotanoanalogico.com\/wp-content\/uploads\/2023\/03\/soniajorge2023-724x1024.jpg 724w, https:\/\/elsotanoanalogico.com\/wp-content\/uploads\/2023\/03\/soniajorge2023-212x300.jpg 212w, https:\/\/elsotanoanalogico.com\/wp-content\/uploads\/2023\/03\/soniajorge2023-768x1087.jpg 768w, https:\/\/elsotanoanalogico.com\/wp-content\/uploads\/2023\/03\/soniajorge2023.jpg 843w\" sizes=\"auto, (max-width: 724px) 100vw, 724px\" \/><figcaption class=\"wp-element-caption\">Cartel primer concierto de Jorge P\u00e9rez &amp; Sonia Martel en El S\u00f3tano Anal\u00f3gico<\/figcaption><\/figure>\n\n\n\n<p>Su m\u00fasica recorre un amplio espectro de estilos que van desde el pop, la balada, tintes de rock y blues, jazz, hasta la canci\u00f3n de autor. Su repertorio abarca tem\u00e1ticas llenas de poes\u00eda urbana, intimismo y amor.<\/p>\n\n\n\n<p><strong>S\u00e1bado 1 de abril a las 20:00h<\/strong><\/p>\n\n\n\n<p>Consigue las entradas por <strong><a href=\"https:\/\/entradium.com\/events\/jorge-perez-sonia-martell-en-las-palmas-de-gran-canaria-las-palmas-de-gran-canaria\" target=\"_blank\" rel=\"noreferrer noopener\">anticipado en Entradium.com<\/a> por 10\u20ac<\/strong> o <strong>en puerta por 12\u20ac en efectivo<\/strong>. Incluyen consumici\u00f3n.<br><br><\/p>\n","protected":false},"excerpt":{"rendered":"<p>Sonia Martell es pianista y compositora junto con Jorge P\u00e9rez, cantautor. Juntos son un d\u00fao de m\u00fasicos canarios (Isla de La Palma) afincados en Madrid, que fusionan diversos estilos musicales, [&hellip;]<\/p>\n","protected":false},"author":2,"featured_media":0,"comment_status":"closed","ping_status":"closed","sticky":false,"template":"","format":"standard","meta":{"footnotes":""},"categories":[12,2,1],"tags":[],"class_list":["post-800","post","type-post","status-publish","format-standard","hentry","category-conciertos","category-eventos","category-general"],"_links":{"self":[{"href":"https:\/\/elsotanoanalogico.com\/index.php\/wp-json\/wp\/v2\/posts\/800","targetHints":{"allow":["GET"]}}],"collection":[{"href":"https:\/\/elsotanoanalogico.com\/index.php\/wp-json\/wp\/v2\/posts"}],"about":[{"href":"https:\/\/elsotanoanalogico.com\/index.php\/wp-json\/wp\/v2\/types\/post"}],"author":[{"embeddable":true,"href":"https:\/\/elsotanoanalogico.com\/index.php\/wp-json\/wp\/v2\/users\/2"}],"replies":[{"embeddable":true,"href":"https:\/\/elsotanoanalogico.com\/index.php\/wp-json\/wp\/v2\/comments?post=800"}],"version-history":[{"count":1,"href":"https:\/\/elsotanoanalogico.com\/index.php\/wp-json\/wp\/v2\/posts\/800\/revisions"}],"predecessor-version":[{"id":802,"href":"https:\/\/elsotanoanalogico.com\/index.php\/wp-json\/wp\/v2\/posts\/800\/revisions\/802"}],"wp:attachment":[{"href":"https:\/\/elsotanoanalogico.com\/index.php\/wp-json\/wp\/v2\/media?parent=800"}],"wp:term":[{"taxonomy":"category","embeddable":true,"href":"https:\/\/elsotanoanalogico.com\/index.php\/wp-json\/wp\/v2\/categories?post=800"},{"taxonomy":"post_tag","embeddable":true,"href":"https:\/\/elsotanoanalogico.com\/index.php\/wp-json\/wp\/v2\/tags?post=800"}],"curies":[{"name":"wp","href":"https:\/\/api.w.org\/{rel}","templated":true}]}}