{"id":822,"date":"2023-04-18T09:52:44","date_gmt":"2023-04-18T08:52:44","guid":{"rendered":"https:\/\/elsotanoanalogico.com\/?p=822"},"modified":"2023-04-18T09:52:44","modified_gmt":"2023-04-18T08:52:44","slug":"introversion-2","status":"publish","type":"post","link":"https:\/\/elsotanoanalogico.com\/index.php\/2023\/04\/18\/introversion-2\/","title":{"rendered":"Introversi\u00f3n"},"content":{"rendered":"\n<p>Introversi\u00f3n surge a principios de 2015 cuando Thiago y Carlos comienzan a llevar sus canciones reci\u00e9n hechas a sesiones de micro abierto en el mismo local de LPGC donde se conocieron. En junio del mismo a\u00f1o presentan por primera vez de forma oficial su repertorio. <\/p>\n\n\n\n<p>Tras esta actuaci\u00f3n Thiago se vuelve a su Brasil natal pero asuntos familiares le traen de vuelta a Canarias en 2018, momento en que retoman las cosas desde donde las dejaron. Despu\u00e9s de algunas actuaciones a d\u00fao en locales de la capital grancanaria, se incorpora a la formaci\u00f3n Jos\u00e9 Carlos, lo que dio lugar a un buen n\u00famero de apariciones a tr\u00edo.<\/p>\n\n\n\n<figure class=\"wp-block-image size-large is-style-default\"><img loading=\"lazy\" decoding=\"async\" width=\"819\" height=\"1024\" src=\"https:\/\/elsotanoanalogico.com\/wp-content\/uploads\/2023\/04\/introversion-abril-2023-819x1024.jpeg\" alt=\"\" class=\"wp-image-823\" srcset=\"https:\/\/elsotanoanalogico.com\/wp-content\/uploads\/2023\/04\/introversion-abril-2023-819x1024.jpeg 819w, https:\/\/elsotanoanalogico.com\/wp-content\/uploads\/2023\/04\/introversion-abril-2023-240x300.jpeg 240w, https:\/\/elsotanoanalogico.com\/wp-content\/uploads\/2023\/04\/introversion-abril-2023-768x960.jpeg 768w, https:\/\/elsotanoanalogico.com\/wp-content\/uploads\/2023\/04\/introversion-abril-2023.jpeg 1080w\" sizes=\"auto, (max-width: 819px) 100vw, 819px\" \/><\/figure>\n\n\n\n<p>Viernes 21 de abril a las 20:00h.<\/p>\n\n\n\n<p><br>Aforo muy reducido.<br>Consigue tu entrada de forma anticipada por 8\u20ac<br><a rel=\"noreferrer noopener\" href=\"https:\/\/entradium.com\/es\/events\/introversion\" target=\"_blank\">https:\/\/entradium.com\/es\/events\/introversion<\/a><br><br>En puerta 10\u20ac. En puerta no se asegura disponibilidad de aforo.<\/p>\n","protected":false},"excerpt":{"rendered":"<p>Introversi\u00f3n surge a principios de 2015 cuando Thiago y Carlos comienzan a llevar sus canciones reci\u00e9n hechas a sesiones de micro abierto en el mismo local de LPGC donde se [&hellip;]<\/p>\n","protected":false},"author":2,"featured_media":0,"comment_status":"closed","ping_status":"closed","sticky":false,"template":"","format":"standard","meta":{"footnotes":""},"categories":[12,2,1],"tags":[],"class_list":["post-822","post","type-post","status-publish","format-standard","hentry","category-conciertos","category-eventos","category-general"],"_links":{"self":[{"href":"https:\/\/elsotanoanalogico.com\/index.php\/wp-json\/wp\/v2\/posts\/822","targetHints":{"allow":["GET"]}}],"collection":[{"href":"https:\/\/elsotanoanalogico.com\/index.php\/wp-json\/wp\/v2\/posts"}],"about":[{"href":"https:\/\/elsotanoanalogico.com\/index.php\/wp-json\/wp\/v2\/types\/post"}],"author":[{"embeddable":true,"href":"https:\/\/elsotanoanalogico.com\/index.php\/wp-json\/wp\/v2\/users\/2"}],"replies":[{"embeddable":true,"href":"https:\/\/elsotanoanalogico.com\/index.php\/wp-json\/wp\/v2\/comments?post=822"}],"version-history":[{"count":1,"href":"https:\/\/elsotanoanalogico.com\/index.php\/wp-json\/wp\/v2\/posts\/822\/revisions"}],"predecessor-version":[{"id":824,"href":"https:\/\/elsotanoanalogico.com\/index.php\/wp-json\/wp\/v2\/posts\/822\/revisions\/824"}],"wp:attachment":[{"href":"https:\/\/elsotanoanalogico.com\/index.php\/wp-json\/wp\/v2\/media?parent=822"}],"wp:term":[{"taxonomy":"category","embeddable":true,"href":"https:\/\/elsotanoanalogico.com\/index.php\/wp-json\/wp\/v2\/categories?post=822"},{"taxonomy":"post_tag","embeddable":true,"href":"https:\/\/elsotanoanalogico.com\/index.php\/wp-json\/wp\/v2\/tags?post=822"}],"curies":[{"name":"wp","href":"https:\/\/api.w.org\/{rel}","templated":true}]}}