{"id":832,"date":"2023-04-24T14:03:00","date_gmt":"2023-04-24T13:03:00","guid":{"rendered":"https:\/\/elsotanoanalogico.com\/?p=832"},"modified":"2023-04-24T14:08:43","modified_gmt":"2023-04-24T13:08:43","slug":"el-pilar-azul","status":"publish","type":"post","link":"https:\/\/elsotanoanalogico.com\/index.php\/2023\/04\/24\/el-pilar-azul\/","title":{"rendered":"El Pilar Azul"},"content":{"rendered":"\n<p>Este s\u00e1bado 29 de abril, nos complace presentar a El Pilar Azul en El S\u00f3tano Anal\u00f3gico, un grupo que combina m\u00fasica shoegaze, rock y piano en un envolvente formato semi ac\u00fastico. Ser\u00e1 su primera vez en este espacio, estamos encantados de compartir esta experiencia.<\/p>\n\n\n\n<figure class=\"wp-block-image size-large is-style-default\"><img loading=\"lazy\" decoding=\"async\" width=\"1024\" height=\"1024\" src=\"https:\/\/elsotanoanalogico.com\/wp-content\/uploads\/2023\/04\/pilarazul2023-1024x1024.jpg\" alt=\"\" class=\"wp-image-833\" srcset=\"https:\/\/elsotanoanalogico.com\/wp-content\/uploads\/2023\/04\/pilarazul2023-1024x1024.jpg 1024w, https:\/\/elsotanoanalogico.com\/wp-content\/uploads\/2023\/04\/pilarazul2023-300x300.jpg 300w, https:\/\/elsotanoanalogico.com\/wp-content\/uploads\/2023\/04\/pilarazul2023-150x150.jpg 150w, https:\/\/elsotanoanalogico.com\/wp-content\/uploads\/2023\/04\/pilarazul2023-768x768.jpg 768w, https:\/\/elsotanoanalogico.com\/wp-content\/uploads\/2023\/04\/pilarazul2023.jpg 1080w\" sizes=\"auto, (max-width: 1024px) 100vw, 1024px\" \/><\/figure>\n\n\n\n<p>Har\u00e1n un repaso a su discograf\u00eda, sumergi\u00e9ndote en su estilo \u00fanico y en\u00e9rgico. Ser\u00e1 un placer contar con tu compa\u00f1\u00eda en esta velada inolvidable. No olvides comprar tu entrada anticipada.<\/p>\n\n\n\n<p>29 de abril a las 20:00h (puntuales)<\/p>\n\n\n\n<p>Entrada anticipada 10\u20ac (+consumici\u00f3n)<\/p>\n\n\n\n<p>Entrada en puerta 12\u20ac (+consumici\u00f3n)<\/p>\n\n\n\n<p>El aforo es muy limitado<\/p>\n\n\n\n<p>Consigue tu entrada en este enlace <a rel=\"noreferrer noopener\" href=\"https:\/\/entradium.com\/es\/events\/el-pilar-azul-el-sotano-analogico-acustico\" target=\"_blank\">https:\/\/entradium.com\/es\/events\/el-pilar-azul-el-sotano-analogico-acustico<\/a><\/p>\n","protected":false},"excerpt":{"rendered":"<p>Este s\u00e1bado 29 de abril, nos complace presentar a El Pilar Azul en El S\u00f3tano Anal\u00f3gico, un grupo que combina m\u00fasica shoegaze, rock y piano en un envolvente formato semi [&hellip;]<\/p>\n","protected":false},"author":2,"featured_media":0,"comment_status":"closed","ping_status":"closed","sticky":false,"template":"","format":"standard","meta":{"footnotes":""},"categories":[12,2,1],"tags":[],"class_list":["post-832","post","type-post","status-publish","format-standard","hentry","category-conciertos","category-eventos","category-general"],"_links":{"self":[{"href":"https:\/\/elsotanoanalogico.com\/index.php\/wp-json\/wp\/v2\/posts\/832","targetHints":{"allow":["GET"]}}],"collection":[{"href":"https:\/\/elsotanoanalogico.com\/index.php\/wp-json\/wp\/v2\/posts"}],"about":[{"href":"https:\/\/elsotanoanalogico.com\/index.php\/wp-json\/wp\/v2\/types\/post"}],"author":[{"embeddable":true,"href":"https:\/\/elsotanoanalogico.com\/index.php\/wp-json\/wp\/v2\/users\/2"}],"replies":[{"embeddable":true,"href":"https:\/\/elsotanoanalogico.com\/index.php\/wp-json\/wp\/v2\/comments?post=832"}],"version-history":[{"count":3,"href":"https:\/\/elsotanoanalogico.com\/index.php\/wp-json\/wp\/v2\/posts\/832\/revisions"}],"predecessor-version":[{"id":838,"href":"https:\/\/elsotanoanalogico.com\/index.php\/wp-json\/wp\/v2\/posts\/832\/revisions\/838"}],"wp:attachment":[{"href":"https:\/\/elsotanoanalogico.com\/index.php\/wp-json\/wp\/v2\/media?parent=832"}],"wp:term":[{"taxonomy":"category","embeddable":true,"href":"https:\/\/elsotanoanalogico.com\/index.php\/wp-json\/wp\/v2\/categories?post=832"},{"taxonomy":"post_tag","embeddable":true,"href":"https:\/\/elsotanoanalogico.com\/index.php\/wp-json\/wp\/v2\/tags?post=832"}],"curies":[{"name":"wp","href":"https:\/\/api.w.org\/{rel}","templated":true}]}}