{"id":854,"date":"2023-05-15T13:41:52","date_gmt":"2023-05-15T12:41:52","guid":{"rendered":"https:\/\/elsotanoanalogico.com\/?p=854"},"modified":"2023-05-15T13:41:52","modified_gmt":"2023-05-15T12:41:52","slug":"angel-ravelo","status":"publish","type":"post","link":"https:\/\/elsotanoanalogico.com\/index.php\/2023\/05\/15\/angel-ravelo\/","title":{"rendered":"\u00c1ngel Ravelo"},"content":{"rendered":"\n<figure class=\"wp-block-image size-large is-style-default\"><img loading=\"lazy\" decoding=\"async\" width=\"1024\" height=\"1024\" src=\"https:\/\/elsotanoanalogico.com\/wp-content\/uploads\/2023\/05\/AngelRavelo2023sotano-1024x1024.jpg\" alt=\"\" class=\"wp-image-856\" srcset=\"https:\/\/elsotanoanalogico.com\/wp-content\/uploads\/2023\/05\/AngelRavelo2023sotano-1024x1024.jpg 1024w, https:\/\/elsotanoanalogico.com\/wp-content\/uploads\/2023\/05\/AngelRavelo2023sotano-300x300.jpg 300w, https:\/\/elsotanoanalogico.com\/wp-content\/uploads\/2023\/05\/AngelRavelo2023sotano-150x150.jpg 150w, https:\/\/elsotanoanalogico.com\/wp-content\/uploads\/2023\/05\/AngelRavelo2023sotano-768x768.jpg 768w, https:\/\/elsotanoanalogico.com\/wp-content\/uploads\/2023\/05\/AngelRavelo2023sotano-1536x1536.jpg 1536w, https:\/\/elsotanoanalogico.com\/wp-content\/uploads\/2023\/05\/AngelRavelo2023sotano-1200x1200.jpg 1200w, https:\/\/elsotanoanalogico.com\/wp-content\/uploads\/2023\/05\/AngelRavelo2023sotano.jpg 1595w\" sizes=\"auto, (max-width: 1024px) 100vw, 1024px\" \/><figcaption class=\"wp-element-caption\">Cartel de \u00c1ngel Ravelo en el S\u00f3tano Anal\u00f3gico el 19 de mayo a las 20:00h<\/figcaption><\/figure>\n\n\n\n<p>Concierto el viernes 19 de mayo. Prep\u00e1rate para sumergirte en la creatividad musical de \u00c1ngel Ravelo, un artista vers\u00e1til que abarca diversas facetas en la industria.<\/p>\n\n\n\n<p>\u00c1ngel Ravelo es un talentoso cantautor, compositor y saxofonista. Su discograf\u00eda refleja su pasi\u00f3n por la m\u00fasica. Tambi\u00e9n ha sido productor musical tanto en sus propias producciones y en colaboraciones con otros cantautores.<\/p>\n\n\n\n<p>No solo destaca como cantautor, sino que tambi\u00e9n domina el saxof\u00f3n, ofreciendo interpretaciones \u00fanicas. <\/p>\n\n\n\n<p>Viernes 19 de mayo a las 20:00h<br>No te olvides comprar tu entrada anticipadamente. En este enlace:<br><a href=\"https:\/\/entradium.com\/es\/events\/angel-ravelo-en-el-sotano-analogico\" target=\"_blank\" rel=\"noreferrer noopener\">https:\/\/entradium.com\/es\/events\/angel-ravelo-en-el-sotano-analogico<\/a><\/p>\n\n\n\n<p>\ud83c\udfb5\ud83c\udfb6 #Concierto #M\u00fasica #\u00c1ngelRavelo<\/p>\n","protected":false},"excerpt":{"rendered":"<p>Concierto el viernes 19 de mayo. Prep\u00e1rate para sumergirte en la creatividad musical de \u00c1ngel Ravelo, un artista vers\u00e1til que abarca diversas facetas en la industria. \u00c1ngel Ravelo es un [&hellip;]<\/p>\n","protected":false},"author":2,"featured_media":0,"comment_status":"closed","ping_status":"closed","sticky":false,"template":"","format":"standard","meta":{"footnotes":""},"categories":[12,2,1],"tags":[],"class_list":["post-854","post","type-post","status-publish","format-standard","hentry","category-conciertos","category-eventos","category-general"],"_links":{"self":[{"href":"https:\/\/elsotanoanalogico.com\/index.php\/wp-json\/wp\/v2\/posts\/854","targetHints":{"allow":["GET"]}}],"collection":[{"href":"https:\/\/elsotanoanalogico.com\/index.php\/wp-json\/wp\/v2\/posts"}],"about":[{"href":"https:\/\/elsotanoanalogico.com\/index.php\/wp-json\/wp\/v2\/types\/post"}],"author":[{"embeddable":true,"href":"https:\/\/elsotanoanalogico.com\/index.php\/wp-json\/wp\/v2\/users\/2"}],"replies":[{"embeddable":true,"href":"https:\/\/elsotanoanalogico.com\/index.php\/wp-json\/wp\/v2\/comments?post=854"}],"version-history":[{"count":1,"href":"https:\/\/elsotanoanalogico.com\/index.php\/wp-json\/wp\/v2\/posts\/854\/revisions"}],"predecessor-version":[{"id":857,"href":"https:\/\/elsotanoanalogico.com\/index.php\/wp-json\/wp\/v2\/posts\/854\/revisions\/857"}],"wp:attachment":[{"href":"https:\/\/elsotanoanalogico.com\/index.php\/wp-json\/wp\/v2\/media?parent=854"}],"wp:term":[{"taxonomy":"category","embeddable":true,"href":"https:\/\/elsotanoanalogico.com\/index.php\/wp-json\/wp\/v2\/categories?post=854"},{"taxonomy":"post_tag","embeddable":true,"href":"https:\/\/elsotanoanalogico.com\/index.php\/wp-json\/wp\/v2\/tags?post=854"}],"curies":[{"name":"wp","href":"https:\/\/api.w.org\/{rel}","templated":true}]}}