{"id":855,"date":"2023-05-15T14:10:28","date_gmt":"2023-05-15T13:10:28","guid":{"rendered":"https:\/\/elsotanoanalogico.com\/?p=855"},"modified":"2023-05-15T14:10:28","modified_gmt":"2023-05-15T13:10:28","slug":"ramon-betancor-2","status":"publish","type":"post","link":"https:\/\/elsotanoanalogico.com\/index.php\/2023\/05\/15\/ramon-betancor-2\/","title":{"rendered":"Ram\u00f3n Betancor"},"content":{"rendered":"\n<p>Nos complace de tener de vuelta a un apasionado m\u00fasico y escritor.<\/p>\n\n\n\n<figure class=\"wp-block-image size-large is-style-default\"><img loading=\"lazy\" decoding=\"async\" width=\"724\" height=\"1024\" src=\"https:\/\/elsotanoanalogico.com\/wp-content\/uploads\/2023\/05\/RamonBetancor_2023_5570c221-724x1024.jpg\" alt=\"\" class=\"wp-image-859\" srcset=\"https:\/\/elsotanoanalogico.com\/wp-content\/uploads\/2023\/05\/RamonBetancor_2023_5570c221-724x1024.jpg 724w, https:\/\/elsotanoanalogico.com\/wp-content\/uploads\/2023\/05\/RamonBetancor_2023_5570c221-212x300.jpg 212w, https:\/\/elsotanoanalogico.com\/wp-content\/uploads\/2023\/05\/RamonBetancor_2023_5570c221-768x1086.jpg 768w, https:\/\/elsotanoanalogico.com\/wp-content\/uploads\/2023\/05\/RamonBetancor_2023_5570c221-1086x1536.jpg 1086w, https:\/\/elsotanoanalogico.com\/wp-content\/uploads\/2023\/05\/RamonBetancor_2023_5570c221.jpg 1131w\" sizes=\"auto, (max-width: 724px) 100vw, 724px\" \/><figcaption class=\"wp-element-caption\">Cartel de Ram\u00f3n Betancor en El S\u00f3tano Anal\u00f3gico 2023<\/figcaption><\/figure>\n\n\n\n<p>Ram\u00f3n Betancor es un artista vers\u00e1til que abarca diversos g\u00e9neros musicales, fusionando elementos de rock, pop y otros estilos en su m\u00fasica. Su talento multiinstrumentista y su capacidad para crear composiciones ecl\u00e9cticas lo distinguen en la escena musical.<\/p>\n\n\n\n<p>Actualmente, est\u00e1 trabajando en un nuevo proyecto: la creaci\u00f3n de un libro de relatos junto con un disco que est\u00e1 produciendo.<\/p>\n\n\n\n<p>No te pierdas este concierto en El S\u00f3tano Anal\u00f3gico el s\u00e1bado 20 de mayo vendr\u00e1 junto con el guitarrista Nau L\u00f3pez. \u00a1Las entradas son muy limitadas! Adqui\u00e9relas en <a rel=\"noreferrer noopener\" href=\"https:\/\/entradium.com\/es\/events\/ramon-betancor-en-concierto\" target=\"_blank\">https:\/\/entradium.com\/es\/events\/ramon-betancor-en-concierto<\/a> y ven a disfrutar de una noche llena de m\u00fasica y talento.<br><\/p>\n","protected":false},"excerpt":{"rendered":"<p>Nos complace de tener de vuelta a un apasionado m\u00fasico y escritor. Ram\u00f3n Betancor es un artista vers\u00e1til que abarca diversos g\u00e9neros musicales, fusionando elementos de rock, pop y otros [&hellip;]<\/p>\n","protected":false},"author":2,"featured_media":0,"comment_status":"closed","ping_status":"closed","sticky":false,"template":"","format":"standard","meta":{"footnotes":""},"categories":[12,2,1],"tags":[],"class_list":["post-855","post","type-post","status-publish","format-standard","hentry","category-conciertos","category-eventos","category-general"],"_links":{"self":[{"href":"https:\/\/elsotanoanalogico.com\/index.php\/wp-json\/wp\/v2\/posts\/855","targetHints":{"allow":["GET"]}}],"collection":[{"href":"https:\/\/elsotanoanalogico.com\/index.php\/wp-json\/wp\/v2\/posts"}],"about":[{"href":"https:\/\/elsotanoanalogico.com\/index.php\/wp-json\/wp\/v2\/types\/post"}],"author":[{"embeddable":true,"href":"https:\/\/elsotanoanalogico.com\/index.php\/wp-json\/wp\/v2\/users\/2"}],"replies":[{"embeddable":true,"href":"https:\/\/elsotanoanalogico.com\/index.php\/wp-json\/wp\/v2\/comments?post=855"}],"version-history":[{"count":1,"href":"https:\/\/elsotanoanalogico.com\/index.php\/wp-json\/wp\/v2\/posts\/855\/revisions"}],"predecessor-version":[{"id":860,"href":"https:\/\/elsotanoanalogico.com\/index.php\/wp-json\/wp\/v2\/posts\/855\/revisions\/860"}],"wp:attachment":[{"href":"https:\/\/elsotanoanalogico.com\/index.php\/wp-json\/wp\/v2\/media?parent=855"}],"wp:term":[{"taxonomy":"category","embeddable":true,"href":"https:\/\/elsotanoanalogico.com\/index.php\/wp-json\/wp\/v2\/categories?post=855"},{"taxonomy":"post_tag","embeddable":true,"href":"https:\/\/elsotanoanalogico.com\/index.php\/wp-json\/wp\/v2\/tags?post=855"}],"curies":[{"name":"wp","href":"https:\/\/api.w.org\/{rel}","templated":true}]}}