{"id":862,"date":"2023-05-22T15:31:23","date_gmt":"2023-05-22T14:31:23","guid":{"rendered":"https:\/\/elsotanoanalogico.com\/?p=862"},"modified":"2023-05-22T16:21:46","modified_gmt":"2023-05-22T15:21:46","slug":"simon-salinas","status":"publish","type":"post","link":"https:\/\/elsotanoanalogico.com\/index.php\/2023\/05\/22\/simon-salinas\/","title":{"rendered":"Simon Salinas"},"content":{"rendered":"\n<figure class=\"wp-block-image size-large is-style-default\"><img loading=\"lazy\" decoding=\"async\" width=\"819\" height=\"1024\" src=\"https:\/\/elsotanoanalogico.com\/wp-content\/uploads\/2023\/05\/simon-salinas_sotano_post-819x1024.jpg\" alt=\"\" class=\"wp-image-864\" srcset=\"https:\/\/elsotanoanalogico.com\/wp-content\/uploads\/2023\/05\/simon-salinas_sotano_post-819x1024.jpg 819w, https:\/\/elsotanoanalogico.com\/wp-content\/uploads\/2023\/05\/simon-salinas_sotano_post-240x300.jpg 240w, https:\/\/elsotanoanalogico.com\/wp-content\/uploads\/2023\/05\/simon-salinas_sotano_post-768x960.jpg 768w, https:\/\/elsotanoanalogico.com\/wp-content\/uploads\/2023\/05\/simon-salinas_sotano_post.jpg 1080w\" sizes=\"auto, (max-width: 819px) 100vw, 819px\" \/><figcaption class=\"wp-element-caption\">Cartel Sim\u00f3n Salinas &#8211; S\u00e1bado 27 Mayo de 2023 en El S\u00f3tano Anal\u00f3gico a las 20:00h<\/figcaption><\/figure>\n\n\n\n<p>Tras cinco a\u00f1os actuando en Canarias, Sim\u00f3n Salinas decide emprender su carrera en solitario con el respaldo del productor Susi Morla. Su primer \u00e1lbum, \u00abAvante toda\u00bb, marca el inicio de esta nueva etapa. Durante su trayectoria, ha compartido escenario con reconocidos artistas como Aerosmith, Los Zigarros, Hombres G, Mikel Erentxun y \u00c1ngel Stanich. <br><br>Su talento musical ha sido reconocido al componer la m\u00fasica para la campa\u00f1a del aniversario de Mutua Tinerfe\u00f1a con su canci\u00f3n \u00abSiempre Contigo\u00bb. Tambi\u00e9n ha sido seleccionado para ser el rostro musical de la campa\u00f1a de verano de la cerveza Tropical con su canci\u00f3n \u00abDancing And Moving\u00bb. Actualmente, bajo la producci\u00f3n de Susi Morla, Sim\u00f3n Salinas ha lanzado dos temas adelanto de su pr\u00f3ximo disco.<br><br>Sim\u00f3n Salinas presentar\u00e1 el pr\u00f3ximo <strong>s\u00e1bado 27 de mayo a las 20:00h<\/strong> en \u2018El s\u00f3tano anal\u00f3gico\u2019 un show ac\u00fastico a tr\u00edo. Ser\u00e1 un concierto \u00edntimo y cercano en el que podr\u00e1s disfrutar de canciones de su primer \u00e1lbum \u2018Avante toda\u2019 y su segundo disco \u2018Terapia emocional\u2019.<\/p>\n\n\n\n<ul class=\"wp-block-list\">\n<li>Entrada anticipada 6\u20ac &#8211; incluye una consumici\u00f3n.<\/li>\n\n\n\n<li>Entrada en taquilla 8\u20ac<\/li>\n<\/ul>\n\n\n\n<p>Consigue aqu\u00ed tu entrada:<br><a rel=\"noreferrer noopener\" href=\"https:\/\/entradium.com\/es\/events\/simon-salinas-en-concierto-las-palmas-de-gran-canaria\" target=\"_blank\">https:\/\/entradium.com\/es\/events\/simon-salinas-en-concierto-las-palmas-de-gran-canaria<\/a><\/p>\n","protected":false},"excerpt":{"rendered":"<p>Tras cinco a\u00f1os actuando en Canarias, Sim\u00f3n Salinas decide emprender su carrera en solitario con el respaldo del productor Susi Morla. Su primer \u00e1lbum, \u00abAvante toda\u00bb, marca el inicio de [&hellip;]<\/p>\n","protected":false},"author":2,"featured_media":0,"comment_status":"closed","ping_status":"closed","sticky":false,"template":"","format":"standard","meta":{"footnotes":""},"categories":[12,2,1],"tags":[],"class_list":["post-862","post","type-post","status-publish","format-standard","hentry","category-conciertos","category-eventos","category-general"],"_links":{"self":[{"href":"https:\/\/elsotanoanalogico.com\/index.php\/wp-json\/wp\/v2\/posts\/862","targetHints":{"allow":["GET"]}}],"collection":[{"href":"https:\/\/elsotanoanalogico.com\/index.php\/wp-json\/wp\/v2\/posts"}],"about":[{"href":"https:\/\/elsotanoanalogico.com\/index.php\/wp-json\/wp\/v2\/types\/post"}],"author":[{"embeddable":true,"href":"https:\/\/elsotanoanalogico.com\/index.php\/wp-json\/wp\/v2\/users\/2"}],"replies":[{"embeddable":true,"href":"https:\/\/elsotanoanalogico.com\/index.php\/wp-json\/wp\/v2\/comments?post=862"}],"version-history":[{"count":5,"href":"https:\/\/elsotanoanalogico.com\/index.php\/wp-json\/wp\/v2\/posts\/862\/revisions"}],"predecessor-version":[{"id":870,"href":"https:\/\/elsotanoanalogico.com\/index.php\/wp-json\/wp\/v2\/posts\/862\/revisions\/870"}],"wp:attachment":[{"href":"https:\/\/elsotanoanalogico.com\/index.php\/wp-json\/wp\/v2\/media?parent=862"}],"wp:term":[{"taxonomy":"category","embeddable":true,"href":"https:\/\/elsotanoanalogico.com\/index.php\/wp-json\/wp\/v2\/categories?post=862"},{"taxonomy":"post_tag","embeddable":true,"href":"https:\/\/elsotanoanalogico.com\/index.php\/wp-json\/wp\/v2\/tags?post=862"}],"curies":[{"name":"wp","href":"https:\/\/api.w.org\/{rel}","templated":true}]}}