{"id":872,"date":"2023-05-29T13:41:18","date_gmt":"2023-05-29T12:41:18","guid":{"rendered":"https:\/\/elsotanoanalogico.com\/?p=872"},"modified":"2023-05-29T13:41:18","modified_gmt":"2023-05-29T12:41:18","slug":"dacil-santana-2","status":"publish","type":"post","link":"https:\/\/elsotanoanalogico.com\/index.php\/2023\/05\/29\/dacil-santana-2\/","title":{"rendered":"D\u00e1cil Santana"},"content":{"rendered":"\n<figure class=\"wp-block-image size-large is-style-default\"><img loading=\"lazy\" decoding=\"async\" width=\"576\" height=\"1024\" src=\"https:\/\/elsotanoanalogico.com\/wp-content\/uploads\/2023\/05\/4E0106E2-3E13-4B32-8893-952712CA16D5-576x1024.jpg\" alt=\"\" class=\"wp-image-873\" srcset=\"https:\/\/elsotanoanalogico.com\/wp-content\/uploads\/2023\/05\/4E0106E2-3E13-4B32-8893-952712CA16D5-576x1024.jpg 576w, https:\/\/elsotanoanalogico.com\/wp-content\/uploads\/2023\/05\/4E0106E2-3E13-4B32-8893-952712CA16D5-169x300.jpg 169w, https:\/\/elsotanoanalogico.com\/wp-content\/uploads\/2023\/05\/4E0106E2-3E13-4B32-8893-952712CA16D5.jpg 720w\" sizes=\"auto, (max-width: 576px) 100vw, 576px\" \/><\/figure>\n\n\n\n<p>D\u00e1cil Santana es compositora e int\u00e9rprete de todas sus canciones.<\/p>\n\n\n\n<p>Con una evoluci\u00f3n progresiva en los \u00faltimos a\u00f1os, tanto en Canarias como en Pen\u00ednsula, sobre todo gracias a la versatilidad de su puesta en escena.<\/p>\n\n\n\n<p>Desde que comenz\u00f3 su carrera musical, D\u00e1cil Santana no ha dejado de dar conciertos y de evolucionar en sus composiciones, llegando a ser 6 veces n\u00ba1 en Los 40 Principales de Canarias.<\/p>\n\n\n\n<p>Sus anteriores trabajos, Abril (2015), Desaprender (2017) y Tanta Vida (2021) han llevado a la artista Canaria a ser reconocida como una de las artistas y compositoras del momento en Canarias.<\/p>\n\n\n\n<p>En 2022 recibi\u00f3 el reconocimiento a \u00abMejor \u00c1lbum de Autor\u00bb por \u00abTanta Vida\u00bb en los premios Canarios de la m\u00fasica. Se llev\u00f3 tambi\u00e9n el reconocimiento a \u00abMejor canci\u00f3n del a\u00f1o 2022\u00bb por los 40 principales Canarias a su canci\u00f3n \u00abArr\u00e9stenme\u00bb.<\/p>\n\n\n\n<p>D\u00e1cil ha compuesto para grandes artistas a nivel nacional e internacional. En este momento trabaja en su pr\u00f3ximo \u00e1lbum que saldr\u00e1 en oto\u00f1o de 2023.<\/p>\n\n\n\n<p><strong>Consigue tu entrada para este s\u00e1bado 3 de junio a las 20:00h aqu\u00ed:<\/strong><\/p>\n\n\n\n<p><a href=\"https:\/\/entradium.com\/es\/events\/dacil-santana-en-concierto-las-palmas-g-c-las-palmas-de-gran-canaria\">https:\/\/entradium.com\/es\/events\/dacil-santana-en-concierto-las-palmas-g-c-las-palmas-de-gran-canaria<\/a><\/p>\n","protected":false},"excerpt":{"rendered":"<p>D\u00e1cil Santana es compositora e int\u00e9rprete de todas sus canciones. Con una evoluci\u00f3n progresiva en los \u00faltimos a\u00f1os, tanto en Canarias como en Pen\u00ednsula, sobre todo gracias a la versatilidad [&hellip;]<\/p>\n","protected":false},"author":2,"featured_media":0,"comment_status":"closed","ping_status":"closed","sticky":false,"template":"","format":"standard","meta":{"footnotes":""},"categories":[12,2,1],"tags":[],"class_list":["post-872","post","type-post","status-publish","format-standard","hentry","category-conciertos","category-eventos","category-general"],"_links":{"self":[{"href":"https:\/\/elsotanoanalogico.com\/index.php\/wp-json\/wp\/v2\/posts\/872","targetHints":{"allow":["GET"]}}],"collection":[{"href":"https:\/\/elsotanoanalogico.com\/index.php\/wp-json\/wp\/v2\/posts"}],"about":[{"href":"https:\/\/elsotanoanalogico.com\/index.php\/wp-json\/wp\/v2\/types\/post"}],"author":[{"embeddable":true,"href":"https:\/\/elsotanoanalogico.com\/index.php\/wp-json\/wp\/v2\/users\/2"}],"replies":[{"embeddable":true,"href":"https:\/\/elsotanoanalogico.com\/index.php\/wp-json\/wp\/v2\/comments?post=872"}],"version-history":[{"count":1,"href":"https:\/\/elsotanoanalogico.com\/index.php\/wp-json\/wp\/v2\/posts\/872\/revisions"}],"predecessor-version":[{"id":874,"href":"https:\/\/elsotanoanalogico.com\/index.php\/wp-json\/wp\/v2\/posts\/872\/revisions\/874"}],"wp:attachment":[{"href":"https:\/\/elsotanoanalogico.com\/index.php\/wp-json\/wp\/v2\/media?parent=872"}],"wp:term":[{"taxonomy":"category","embeddable":true,"href":"https:\/\/elsotanoanalogico.com\/index.php\/wp-json\/wp\/v2\/categories?post=872"},{"taxonomy":"post_tag","embeddable":true,"href":"https:\/\/elsotanoanalogico.com\/index.php\/wp-json\/wp\/v2\/tags?post=872"}],"curies":[{"name":"wp","href":"https:\/\/api.w.org\/{rel}","templated":true}]}}