{"id":878,"date":"2023-05-30T13:33:25","date_gmt":"2023-05-30T12:33:25","guid":{"rendered":"https:\/\/elsotanoanalogico.com\/?p=878"},"modified":"2023-05-30T14:08:11","modified_gmt":"2023-05-30T13:08:11","slug":"open-mic-5","status":"publish","type":"post","link":"https:\/\/elsotanoanalogico.com\/index.php\/2023\/05\/30\/open-mic-5\/","title":{"rendered":"Open Mic"},"content":{"rendered":"\n<figure class=\"wp-block-image size-large is-style-default\"><img loading=\"lazy\" decoding=\"async\" width=\"819\" height=\"1024\" src=\"https:\/\/elsotanoanalogico.com\/wp-content\/uploads\/2023\/05\/openmic000_2-819x1024.jpg\" alt=\"\" class=\"wp-image-879\" srcset=\"https:\/\/elsotanoanalogico.com\/wp-content\/uploads\/2023\/05\/openmic000_2-819x1024.jpg 819w, https:\/\/elsotanoanalogico.com\/wp-content\/uploads\/2023\/05\/openmic000_2-240x300.jpg 240w, https:\/\/elsotanoanalogico.com\/wp-content\/uploads\/2023\/05\/openmic000_2-768x960.jpg 768w, https:\/\/elsotanoanalogico.com\/wp-content\/uploads\/2023\/05\/openmic000_2.jpg 1088w\" sizes=\"auto, (max-width: 819px) 100vw, 819px\" \/><\/figure>\n\n\n\n<p><strong>19:30 a 22:30h, entrada libre. Micro abierto.<\/strong><\/p>\n\n\n\n<p>\u00bfTocas o cantas? aqu\u00ed tienes unos minutos de gloria. El viernes 2 de junio est\u00e1s de suerte, ven con tu instrumento o voz y ense\u00f1a tu talento.<\/p>\n\n\n\n<p>Solo aceptamos instrumentos acusticos o enchufables sin ampli, tambi\u00e9n si quieres puedes traer bases en un port\u00e1til o m\u00f3vil. No importa el g\u00e9nero, sino si quieres subirte al escenario o pasar un rato agradable entre el p\u00fablico.<\/p>\n\n\n\n<p>Entrada gratuita.<\/p>\n","protected":false},"excerpt":{"rendered":"<p>19:30 a 22:30h, entrada libre. Micro abierto. \u00bfTocas o cantas? aqu\u00ed tienes unos minutos de gloria. El viernes 2 de junio est\u00e1s de suerte, ven con tu instrumento o voz [&hellip;]<\/p>\n","protected":false},"author":2,"featured_media":0,"comment_status":"closed","ping_status":"closed","sticky":false,"template":"","format":"standard","meta":{"footnotes":""},"categories":[2,1,54],"tags":[],"class_list":["post-878","post","type-post","status-publish","format-standard","hentry","category-eventos","category-general","category-open-mic"],"_links":{"self":[{"href":"https:\/\/elsotanoanalogico.com\/index.php\/wp-json\/wp\/v2\/posts\/878","targetHints":{"allow":["GET"]}}],"collection":[{"href":"https:\/\/elsotanoanalogico.com\/index.php\/wp-json\/wp\/v2\/posts"}],"about":[{"href":"https:\/\/elsotanoanalogico.com\/index.php\/wp-json\/wp\/v2\/types\/post"}],"author":[{"embeddable":true,"href":"https:\/\/elsotanoanalogico.com\/index.php\/wp-json\/wp\/v2\/users\/2"}],"replies":[{"embeddable":true,"href":"https:\/\/elsotanoanalogico.com\/index.php\/wp-json\/wp\/v2\/comments?post=878"}],"version-history":[{"count":2,"href":"https:\/\/elsotanoanalogico.com\/index.php\/wp-json\/wp\/v2\/posts\/878\/revisions"}],"predecessor-version":[{"id":882,"href":"https:\/\/elsotanoanalogico.com\/index.php\/wp-json\/wp\/v2\/posts\/878\/revisions\/882"}],"wp:attachment":[{"href":"https:\/\/elsotanoanalogico.com\/index.php\/wp-json\/wp\/v2\/media?parent=878"}],"wp:term":[{"taxonomy":"category","embeddable":true,"href":"https:\/\/elsotanoanalogico.com\/index.php\/wp-json\/wp\/v2\/categories?post=878"},{"taxonomy":"post_tag","embeddable":true,"href":"https:\/\/elsotanoanalogico.com\/index.php\/wp-json\/wp\/v2\/tags?post=878"}],"curies":[{"name":"wp","href":"https:\/\/api.w.org\/{rel}","templated":true}]}}