{"id":885,"date":"2023-06-05T21:14:11","date_gmt":"2023-06-05T20:14:11","guid":{"rendered":"https:\/\/elsotanoanalogico.com\/?p=885"},"modified":"2023-06-05T21:14:11","modified_gmt":"2023-06-05T20:14:11","slug":"cel","status":"publish","type":"post","link":"https:\/\/elsotanoanalogico.com\/index.php\/2023\/06\/05\/cel\/","title":{"rendered":"Cel"},"content":{"rendered":"\n<p>Cel (Cardium) es una cantante y productora crecida y criada junto al mundo musical en g\u00e9neros como el R&amp;B, blues, soul y otros ritmos de la misma \u00edndole.<\/p>\n\n\n\n<figure class=\"wp-block-image size-full is-style-default\"><img loading=\"lazy\" decoding=\"async\" width=\"843\" height=\"843\" src=\"https:\/\/elsotanoanalogico.com\/wp-content\/uploads\/2023\/06\/Cel_.jpeg\" alt=\"\" class=\"wp-image-887\" srcset=\"https:\/\/elsotanoanalogico.com\/wp-content\/uploads\/2023\/06\/Cel_.jpeg 843w, https:\/\/elsotanoanalogico.com\/wp-content\/uploads\/2023\/06\/Cel_-300x300.jpeg 300w, https:\/\/elsotanoanalogico.com\/wp-content\/uploads\/2023\/06\/Cel_-150x150.jpeg 150w, https:\/\/elsotanoanalogico.com\/wp-content\/uploads\/2023\/06\/Cel_-768x768.jpeg 768w\" sizes=\"auto, (max-width: 843px) 100vw, 843px\" \/><figcaption class=\"wp-element-caption\">Cartel de Cel (Cardium) en El S\u00f3tano Anal\u00f3gico &#8211; 9 de junio<\/figcaption><\/figure>\n\n\n\n<p>Una artista inminente que estar\u00e1 dando un concierto con sus canciones m\u00e1s recientes con estilos variados y sorpresas a la hora de la actuaci\u00f3n.<\/p>\n\n\n\n<p>Entrada en <a rel=\"noreferrer noopener\" href=\"https:\/\/entradium.com\/events\/cel-concierto-acustico\" target=\"_blank\">https:\/\/entradium.com\/events\/cel-concierto-acustico<\/a>. <br>En puerta 2\u20ac extra.<br><strong>Viernes 9 de junio.<br>Evento a las 20:00h (se ruega puntualidad).<\/strong><\/p>\n","protected":false},"excerpt":{"rendered":"<p>Cel (Cardium) es una cantante y productora crecida y criada junto al mundo musical en g\u00e9neros como el R&amp;B, blues, soul y otros ritmos de la misma \u00edndole. Una artista [&hellip;]<\/p>\n","protected":false},"author":2,"featured_media":0,"comment_status":"closed","ping_status":"closed","sticky":false,"template":"","format":"standard","meta":{"footnotes":""},"categories":[12,2,1],"tags":[],"class_list":["post-885","post","type-post","status-publish","format-standard","hentry","category-conciertos","category-eventos","category-general"],"_links":{"self":[{"href":"https:\/\/elsotanoanalogico.com\/index.php\/wp-json\/wp\/v2\/posts\/885","targetHints":{"allow":["GET"]}}],"collection":[{"href":"https:\/\/elsotanoanalogico.com\/index.php\/wp-json\/wp\/v2\/posts"}],"about":[{"href":"https:\/\/elsotanoanalogico.com\/index.php\/wp-json\/wp\/v2\/types\/post"}],"author":[{"embeddable":true,"href":"https:\/\/elsotanoanalogico.com\/index.php\/wp-json\/wp\/v2\/users\/2"}],"replies":[{"embeddable":true,"href":"https:\/\/elsotanoanalogico.com\/index.php\/wp-json\/wp\/v2\/comments?post=885"}],"version-history":[{"count":1,"href":"https:\/\/elsotanoanalogico.com\/index.php\/wp-json\/wp\/v2\/posts\/885\/revisions"}],"predecessor-version":[{"id":888,"href":"https:\/\/elsotanoanalogico.com\/index.php\/wp-json\/wp\/v2\/posts\/885\/revisions\/888"}],"wp:attachment":[{"href":"https:\/\/elsotanoanalogico.com\/index.php\/wp-json\/wp\/v2\/media?parent=885"}],"wp:term":[{"taxonomy":"category","embeddable":true,"href":"https:\/\/elsotanoanalogico.com\/index.php\/wp-json\/wp\/v2\/categories?post=885"},{"taxonomy":"post_tag","embeddable":true,"href":"https:\/\/elsotanoanalogico.com\/index.php\/wp-json\/wp\/v2\/tags?post=885"}],"curies":[{"name":"wp","href":"https:\/\/api.w.org\/{rel}","templated":true}]}}