{"id":890,"date":"2023-06-12T14:36:30","date_gmt":"2023-06-12T13:36:30","guid":{"rendered":"https:\/\/elsotanoanalogico.com\/?p=890"},"modified":"2023-06-12T14:37:51","modified_gmt":"2023-06-12T13:37:51","slug":"sex-sodio-sullivan","status":"publish","type":"post","link":"https:\/\/elsotanoanalogico.com\/index.php\/2023\/06\/12\/sex-sodio-sullivan\/","title":{"rendered":"Sex Sodio Sullivan"},"content":{"rendered":"\n<p><\/p>\n\n\n\n<figure class=\"wp-block-image size-large is-style-default\"><img loading=\"lazy\" decoding=\"async\" width=\"1024\" height=\"1021\" src=\"https:\/\/elsotanoanalogico.com\/wp-content\/uploads\/2023\/06\/sexsodiosullivan_351603036_599902142205496_5958816529128959385_n-1024x1021.jpg\" alt=\"\" class=\"wp-image-891\" srcset=\"https:\/\/elsotanoanalogico.com\/wp-content\/uploads\/2023\/06\/sexsodiosullivan_351603036_599902142205496_5958816529128959385_n-1024x1021.jpg 1024w, https:\/\/elsotanoanalogico.com\/wp-content\/uploads\/2023\/06\/sexsodiosullivan_351603036_599902142205496_5958816529128959385_n-300x300.jpg 300w, https:\/\/elsotanoanalogico.com\/wp-content\/uploads\/2023\/06\/sexsodiosullivan_351603036_599902142205496_5958816529128959385_n-150x150.jpg 150w, https:\/\/elsotanoanalogico.com\/wp-content\/uploads\/2023\/06\/sexsodiosullivan_351603036_599902142205496_5958816529128959385_n-768x766.jpg 768w, https:\/\/elsotanoanalogico.com\/wp-content\/uploads\/2023\/06\/sexsodiosullivan_351603036_599902142205496_5958816529128959385_n.jpg 1080w\" sizes=\"auto, (max-width: 1024px) 100vw, 1024px\" \/><\/figure>\n\n\n\n<p>Seg\u00fan sus propias palabras:<br><\/p>\n\n\n\n<p>El s\u00e1bado 17 de mayo estaremos en El S\u00f3tano Anal\u00f3gico de Gran Canaria desde las 20:00 con nuestra Sesi\u00f3n M\u00ednima.\ud83c\udfa7\ud83c\udfb6\ud83c\udfb8<br>Nos sentimos especialmente atra\u00eddos por esta nueva parada en la isla hermana y esperamos con mucho entusiasmo que puedas asistir y compartir con nosotros.<br><br>Consigue las entradas aqu\u00ed:<a rel=\"noreferrer noopener\" href=\"https:\/\/canaryticket.es\/web\/?menu=1162&amp;pagina=entradas&amp;item=45293&amp;siteID=canaryticket\" target=\"_blank\"><br>ENTRADAS<\/a><\/p>\n\n\n\n<p>8\u20ac anticipada (incluye consumici\u00f3n) <\/p>\n\n\n\n<p>10\u20ac en puerta<\/p>\n","protected":false},"excerpt":{"rendered":"<p>Seg\u00fan sus propias palabras: El s\u00e1bado 17 de mayo estaremos en El S\u00f3tano Anal\u00f3gico de Gran Canaria desde las 20:00 con nuestra Sesi\u00f3n M\u00ednima.\ud83c\udfa7\ud83c\udfb6\ud83c\udfb8Nos sentimos especialmente atra\u00eddos por esta nueva [&hellip;]<\/p>\n","protected":false},"author":2,"featured_media":0,"comment_status":"closed","ping_status":"closed","sticky":false,"template":"","format":"standard","meta":{"footnotes":""},"categories":[12,2,1],"tags":[],"class_list":["post-890","post","type-post","status-publish","format-standard","hentry","category-conciertos","category-eventos","category-general"],"_links":{"self":[{"href":"https:\/\/elsotanoanalogico.com\/index.php\/wp-json\/wp\/v2\/posts\/890","targetHints":{"allow":["GET"]}}],"collection":[{"href":"https:\/\/elsotanoanalogico.com\/index.php\/wp-json\/wp\/v2\/posts"}],"about":[{"href":"https:\/\/elsotanoanalogico.com\/index.php\/wp-json\/wp\/v2\/types\/post"}],"author":[{"embeddable":true,"href":"https:\/\/elsotanoanalogico.com\/index.php\/wp-json\/wp\/v2\/users\/2"}],"replies":[{"embeddable":true,"href":"https:\/\/elsotanoanalogico.com\/index.php\/wp-json\/wp\/v2\/comments?post=890"}],"version-history":[{"count":1,"href":"https:\/\/elsotanoanalogico.com\/index.php\/wp-json\/wp\/v2\/posts\/890\/revisions"}],"predecessor-version":[{"id":892,"href":"https:\/\/elsotanoanalogico.com\/index.php\/wp-json\/wp\/v2\/posts\/890\/revisions\/892"}],"wp:attachment":[{"href":"https:\/\/elsotanoanalogico.com\/index.php\/wp-json\/wp\/v2\/media?parent=890"}],"wp:term":[{"taxonomy":"category","embeddable":true,"href":"https:\/\/elsotanoanalogico.com\/index.php\/wp-json\/wp\/v2\/categories?post=890"},{"taxonomy":"post_tag","embeddable":true,"href":"https:\/\/elsotanoanalogico.com\/index.php\/wp-json\/wp\/v2\/tags?post=890"}],"curies":[{"name":"wp","href":"https:\/\/api.w.org\/{rel}","templated":true}]}}