{"id":903,"date":"2023-06-24T18:07:39","date_gmt":"2023-06-24T17:07:39","guid":{"rendered":"https:\/\/elsotanoanalogico.com\/?p=903"},"modified":"2023-06-24T18:07:39","modified_gmt":"2023-06-24T17:07:39","slug":"salome-moreno","status":"publish","type":"post","link":"https:\/\/elsotanoanalogico.com\/index.php\/2023\/06\/24\/salome-moreno\/","title":{"rendered":"Salom\u00e9 Moreno"},"content":{"rendered":"\n<figure class=\"wp-block-image size-large is-style-default\"><img loading=\"lazy\" decoding=\"async\" width=\"1024\" height=\"1024\" src=\"https:\/\/elsotanoanalogico.com\/wp-content\/uploads\/2023\/06\/salome-moreno_2023-1024x1024.jpg\" alt=\"\" class=\"wp-image-904\" srcset=\"https:\/\/elsotanoanalogico.com\/wp-content\/uploads\/2023\/06\/salome-moreno_2023-1024x1024.jpg 1024w, https:\/\/elsotanoanalogico.com\/wp-content\/uploads\/2023\/06\/salome-moreno_2023-300x300.jpg 300w, https:\/\/elsotanoanalogico.com\/wp-content\/uploads\/2023\/06\/salome-moreno_2023-150x150.jpg 150w, https:\/\/elsotanoanalogico.com\/wp-content\/uploads\/2023\/06\/salome-moreno_2023-768x768.jpg 768w, https:\/\/elsotanoanalogico.com\/wp-content\/uploads\/2023\/06\/salome-moreno_2023.jpg 1080w\" sizes=\"auto, (max-width: 1024px) 100vw, 1024px\" \/><figcaption class=\"wp-element-caption\">Cartel de Salom\u00e9 Moreno de la actuaci\u00f3n el viernes 30 de junio en El S\u00f3tano Anal\u00f3gico, 2023<\/figcaption><\/figure>\n\n\n\n<p>Salom\u00e9 Moreno nos presenta un espect\u00e1culo \u00edntimo con canciones alegres y emocionales. Con su repertorio nos hace un recorrido por su vida, su crecimiento emocional y musical. Ella describe este espect\u00e1culo como emoci\u00f3n y m\u00fasica, por ello, nos invita a su jard\u00edn a que veamos sus flores y las grietas de las que surgieron. Un espacio de m\u00fasica, sensibilidad y sencillez. Un concierto d\u00f3nde emocionarse.<\/p>\n\n\n\n<p>Entradas aqu\u00ed: <a href=\"https:\/\/entradium.com\/es\/events\/concierto-salome-moreno-en-el-sotano-analogico-las-palmas-de-gran-canaria\" target=\"_blank\" rel=\"noreferrer noopener\">https:\/\/entradium.com\/es\/events\/concierto-salome-moreno-en-el-sotano-analogico-las-palmas-de-gran-canaria<\/a> <\/p>\n","protected":false},"excerpt":{"rendered":"<p>Salom\u00e9 Moreno nos presenta un espect\u00e1culo \u00edntimo con canciones alegres y emocionales. Con su repertorio nos hace un recorrido por su vida, su crecimiento emocional y musical. Ella describe este [&hellip;]<\/p>\n","protected":false},"author":2,"featured_media":0,"comment_status":"closed","ping_status":"closed","sticky":false,"template":"","format":"standard","meta":{"footnotes":""},"categories":[12,2,1],"tags":[],"class_list":["post-903","post","type-post","status-publish","format-standard","hentry","category-conciertos","category-eventos","category-general"],"_links":{"self":[{"href":"https:\/\/elsotanoanalogico.com\/index.php\/wp-json\/wp\/v2\/posts\/903","targetHints":{"allow":["GET"]}}],"collection":[{"href":"https:\/\/elsotanoanalogico.com\/index.php\/wp-json\/wp\/v2\/posts"}],"about":[{"href":"https:\/\/elsotanoanalogico.com\/index.php\/wp-json\/wp\/v2\/types\/post"}],"author":[{"embeddable":true,"href":"https:\/\/elsotanoanalogico.com\/index.php\/wp-json\/wp\/v2\/users\/2"}],"replies":[{"embeddable":true,"href":"https:\/\/elsotanoanalogico.com\/index.php\/wp-json\/wp\/v2\/comments?post=903"}],"version-history":[{"count":1,"href":"https:\/\/elsotanoanalogico.com\/index.php\/wp-json\/wp\/v2\/posts\/903\/revisions"}],"predecessor-version":[{"id":905,"href":"https:\/\/elsotanoanalogico.com\/index.php\/wp-json\/wp\/v2\/posts\/903\/revisions\/905"}],"wp:attachment":[{"href":"https:\/\/elsotanoanalogico.com\/index.php\/wp-json\/wp\/v2\/media?parent=903"}],"wp:term":[{"taxonomy":"category","embeddable":true,"href":"https:\/\/elsotanoanalogico.com\/index.php\/wp-json\/wp\/v2\/categories?post=903"},{"taxonomy":"post_tag","embeddable":true,"href":"https:\/\/elsotanoanalogico.com\/index.php\/wp-json\/wp\/v2\/tags?post=903"}],"curies":[{"name":"wp","href":"https:\/\/api.w.org\/{rel}","templated":true}]}}