{"id":917,"date":"2023-07-10T13:50:06","date_gmt":"2023-07-10T12:50:06","guid":{"rendered":"https:\/\/elsotanoanalogico.com\/?p=917"},"modified":"2023-07-10T13:56:25","modified_gmt":"2023-07-10T12:56:25","slug":"martir-vallejo","status":"publish","type":"post","link":"https:\/\/elsotanoanalogico.com\/index.php\/2023\/07\/10\/martir-vallejo\/","title":{"rendered":"M\u00e1rtir Vallejo"},"content":{"rendered":"\n<figure class=\"wp-block-image size-large is-style-default\"><img loading=\"lazy\" decoding=\"async\" width=\"1024\" height=\"1024\" src=\"https:\/\/elsotanoanalogico.com\/wp-content\/uploads\/2023\/07\/1200_1200-1024x1024.png\" alt=\"\" class=\"wp-image-920\" srcset=\"https:\/\/elsotanoanalogico.com\/wp-content\/uploads\/2023\/07\/1200_1200-1024x1024.png 1024w, https:\/\/elsotanoanalogico.com\/wp-content\/uploads\/2023\/07\/1200_1200-300x300.png 300w, https:\/\/elsotanoanalogico.com\/wp-content\/uploads\/2023\/07\/1200_1200-150x150.png 150w, https:\/\/elsotanoanalogico.com\/wp-content\/uploads\/2023\/07\/1200_1200-768x768.png 768w, https:\/\/elsotanoanalogico.com\/wp-content\/uploads\/2023\/07\/1200_1200.png 1200w\" sizes=\"auto, (max-width: 1024px) 100vw, 1024px\" \/><\/figure>\n\n\n\n<p>Un plan de viernes alternativo en nuestra ciudad, M\u00e1rtir nos deleitara con su hermosa voz y su proyecto musical.<\/p>\n\n\n\n<p>CL\u00cdMAX SESSIONS<\/p>\n\n\n\n<p>Ven a\u00a0<strong>El S\u00f3tano Anal\u00f3gico<\/strong>\u00a0a disfrutar de un concierto en ac\u00fastico que te prometemos que ser\u00e1\u00a0<strong>M\u00c1S QUE M\u00c1GICO.<\/strong><\/p>\n\n\n\n<p>Concierto de&nbsp;<strong>M\u00c1RTIR VALLEJO<\/strong><\/p>\n\n\n\n<p>Viernes 14 de Julio a las 20:00h.<\/p>\n\n\n\n<p>Entrada: <strong>8\u20ac + una cerveza.<\/strong><\/p>\n\n\n\n<p>Un plan de viernes alternativo en un espacio incre\u00edble de nuestra ciudad, M\u00e1rtir nos deleitara con su hermosa voz y su proyecto musical.<br><br>Consigue la entrada aqu\u00ed: <a rel=\"noreferrer noopener\" href=\"https:\/\/entradium.com\/es\/events\/climax-sessions\" target=\"_blank\">https:\/\/entradium.com\/es\/events\/climax-sessions<\/a> <\/p>\n","protected":false},"excerpt":{"rendered":"<p>Un plan de viernes alternativo en nuestra ciudad, M\u00e1rtir nos deleitara con su hermosa voz y su proyecto musical. CL\u00cdMAX SESSIONS Ven a\u00a0El S\u00f3tano Anal\u00f3gico\u00a0a disfrutar de un concierto en [&hellip;]<\/p>\n","protected":false},"author":2,"featured_media":0,"comment_status":"closed","ping_status":"closed","sticky":false,"template":"","format":"standard","meta":{"footnotes":""},"categories":[12,2,1],"tags":[],"class_list":["post-917","post","type-post","status-publish","format-standard","hentry","category-conciertos","category-eventos","category-general"],"_links":{"self":[{"href":"https:\/\/elsotanoanalogico.com\/index.php\/wp-json\/wp\/v2\/posts\/917","targetHints":{"allow":["GET"]}}],"collection":[{"href":"https:\/\/elsotanoanalogico.com\/index.php\/wp-json\/wp\/v2\/posts"}],"about":[{"href":"https:\/\/elsotanoanalogico.com\/index.php\/wp-json\/wp\/v2\/types\/post"}],"author":[{"embeddable":true,"href":"https:\/\/elsotanoanalogico.com\/index.php\/wp-json\/wp\/v2\/users\/2"}],"replies":[{"embeddable":true,"href":"https:\/\/elsotanoanalogico.com\/index.php\/wp-json\/wp\/v2\/comments?post=917"}],"version-history":[{"count":3,"href":"https:\/\/elsotanoanalogico.com\/index.php\/wp-json\/wp\/v2\/posts\/917\/revisions"}],"predecessor-version":[{"id":925,"href":"https:\/\/elsotanoanalogico.com\/index.php\/wp-json\/wp\/v2\/posts\/917\/revisions\/925"}],"wp:attachment":[{"href":"https:\/\/elsotanoanalogico.com\/index.php\/wp-json\/wp\/v2\/media?parent=917"}],"wp:term":[{"taxonomy":"category","embeddable":true,"href":"https:\/\/elsotanoanalogico.com\/index.php\/wp-json\/wp\/v2\/categories?post=917"},{"taxonomy":"post_tag","embeddable":true,"href":"https:\/\/elsotanoanalogico.com\/index.php\/wp-json\/wp\/v2\/tags?post=917"}],"curies":[{"name":"wp","href":"https:\/\/api.w.org\/{rel}","templated":true}]}}