{"id":943,"date":"2023-09-11T14:10:06","date_gmt":"2023-09-11T13:10:06","guid":{"rendered":"https:\/\/elsotanoanalogico.com\/?p=943"},"modified":"2023-09-11T14:43:07","modified_gmt":"2023-09-11T13:43:07","slug":"jose-artiles-y-daniel-cano","status":"publish","type":"post","link":"https:\/\/elsotanoanalogico.com\/index.php\/2023\/09\/11\/jose-artiles-y-daniel-cano\/","title":{"rendered":"Jos\u00e9 Artiles y Daniel Cano"},"content":{"rendered":"\n<figure class=\"wp-block-image size-full is-style-default\"><img loading=\"lazy\" decoding=\"async\" width=\"960\" height=\"960\" src=\"https:\/\/elsotanoanalogico.com\/wp-content\/uploads\/2023\/09\/joseartilesydanielcano2023.jpg\" alt=\"\" class=\"wp-image-960\" srcset=\"https:\/\/elsotanoanalogico.com\/wp-content\/uploads\/2023\/09\/joseartilesydanielcano2023.jpg 960w, https:\/\/elsotanoanalogico.com\/wp-content\/uploads\/2023\/09\/joseartilesydanielcano2023-300x300.jpg 300w, https:\/\/elsotanoanalogico.com\/wp-content\/uploads\/2023\/09\/joseartilesydanielcano2023-150x150.jpg 150w, https:\/\/elsotanoanalogico.com\/wp-content\/uploads\/2023\/09\/joseartilesydanielcano2023-768x768.jpg 768w\" sizes=\"auto, (max-width: 960px) 100vw, 960px\" \/><\/figure>\n\n\n\n<p>Concierto de los cantautores Jos\u00e9 Artiles y Daniel Cano en el S\u00f3tano Anal\u00f3gico, s\u00e1bado 16 de septiembre a las 20:00H. <\/p>\n\n\n\n<p>Entrada anticipada. 10\u20ac y Entrada en taquilla: 12\u20ac con consumici\u00f3n.<\/p>\n\n\n\n<p>Consigue aqu\u00ed tu entrada:<br><a rel=\"noreferrer noopener\" href=\"https:\/\/entradium.com\/es\/events\/jose-artiles-y-daniel-cano-en-el-sotano-analogico\" target=\"_blank\">https:\/\/entradium.com\/es\/events\/jose-artiles-y-daniel-cano-en-el-sotano-analogico<\/a> <\/p>\n","protected":false},"excerpt":{"rendered":"<p>Concierto de los cantautores Jos\u00e9 Artiles y Daniel Cano en el S\u00f3tano Anal\u00f3gico, s\u00e1bado 16 de septiembre a las 20:00H. Entrada anticipada. 10\u20ac y Entrada en taquilla: 12\u20ac con consumici\u00f3n. [&hellip;]<\/p>\n","protected":false},"author":2,"featured_media":0,"comment_status":"closed","ping_status":"closed","sticky":false,"template":"","format":"standard","meta":{"footnotes":""},"categories":[12,2,1],"tags":[],"class_list":["post-943","post","type-post","status-publish","format-standard","hentry","category-conciertos","category-eventos","category-general"],"_links":{"self":[{"href":"https:\/\/elsotanoanalogico.com\/index.php\/wp-json\/wp\/v2\/posts\/943","targetHints":{"allow":["GET"]}}],"collection":[{"href":"https:\/\/elsotanoanalogico.com\/index.php\/wp-json\/wp\/v2\/posts"}],"about":[{"href":"https:\/\/elsotanoanalogico.com\/index.php\/wp-json\/wp\/v2\/types\/post"}],"author":[{"embeddable":true,"href":"https:\/\/elsotanoanalogico.com\/index.php\/wp-json\/wp\/v2\/users\/2"}],"replies":[{"embeddable":true,"href":"https:\/\/elsotanoanalogico.com\/index.php\/wp-json\/wp\/v2\/comments?post=943"}],"version-history":[{"count":2,"href":"https:\/\/elsotanoanalogico.com\/index.php\/wp-json\/wp\/v2\/posts\/943\/revisions"}],"predecessor-version":[{"id":961,"href":"https:\/\/elsotanoanalogico.com\/index.php\/wp-json\/wp\/v2\/posts\/943\/revisions\/961"}],"wp:attachment":[{"href":"https:\/\/elsotanoanalogico.com\/index.php\/wp-json\/wp\/v2\/media?parent=943"}],"wp:term":[{"taxonomy":"category","embeddable":true,"href":"https:\/\/elsotanoanalogico.com\/index.php\/wp-json\/wp\/v2\/categories?post=943"},{"taxonomy":"post_tag","embeddable":true,"href":"https:\/\/elsotanoanalogico.com\/index.php\/wp-json\/wp\/v2\/tags?post=943"}],"curies":[{"name":"wp","href":"https:\/\/api.w.org\/{rel}","templated":true}]}}