{"id":972,"date":"2023-09-23T12:32:48","date_gmt":"2023-09-23T11:32:48","guid":{"rendered":"https:\/\/elsotanoanalogico.com\/?p=972"},"modified":"2023-09-23T12:32:48","modified_gmt":"2023-09-23T11:32:48","slug":"le-pute-baby-dre","status":"publish","type":"post","link":"https:\/\/elsotanoanalogico.com\/index.php\/2023\/09\/23\/le-pute-baby-dre\/","title":{"rendered":"Le Put\u00e9 &#038; Baby Dre"},"content":{"rendered":"\n<figure class=\"wp-block-image size-full is-style-default\"><img loading=\"lazy\" decoding=\"async\" width=\"843\" height=\"843\" src=\"https:\/\/elsotanoanalogico.com\/wp-content\/uploads\/2023\/09\/Le.PuteBabe.Dre_1039F038.jpg\" alt=\"\" class=\"wp-image-973\" srcset=\"https:\/\/elsotanoanalogico.com\/wp-content\/uploads\/2023\/09\/Le.PuteBabe.Dre_1039F038.jpg 843w, https:\/\/elsotanoanalogico.com\/wp-content\/uploads\/2023\/09\/Le.PuteBabe.Dre_1039F038-300x300.jpg 300w, https:\/\/elsotanoanalogico.com\/wp-content\/uploads\/2023\/09\/Le.PuteBabe.Dre_1039F038-150x150.jpg 150w, https:\/\/elsotanoanalogico.com\/wp-content\/uploads\/2023\/09\/Le.PuteBabe.Dre_1039F038-768x768.jpg 768w\" sizes=\"auto, (max-width: 843px) 100vw, 843px\" \/><\/figure>\n\n\n\n<p>El viernes 29 de septiembre a las 20:00h (apertura de puertas a las 19:30h) all.one presenta a Le Put\u00e9 y Baby Dre en el S\u00f3tano Anal\u00f3gico. <\/p>\n\n\n\n<p>Junto a DJ Herto prometen una noche llena de hiphop y ritmos R&amp;B.<\/p>\n\n\n\n<p>Consigue tu entrada anticipada (incluye consumici\u00f3n) antes de que se agoten aqu\u00ed:<\/p>\n\n\n\n<p><a href=\"https:\/\/entradium.com\/es\/events\/le-pute-y-baby-dre-en-el-sotano-analogico-hosted-by-herto-las-palmas\">https:\/\/entradium.com\/es\/events\/le-pute-y-baby-dre-en-el-sotano-analogico-hosted-by-herto-las-palmas<\/a><\/p>\n","protected":false},"excerpt":{"rendered":"<p>El viernes 29 de septiembre a las 20:00h (apertura de puertas a las 19:30h) all.one presenta a Le Put\u00e9 y Baby Dre en el S\u00f3tano Anal\u00f3gico. Junto a DJ Herto [&hellip;]<\/p>\n","protected":false},"author":2,"featured_media":0,"comment_status":"closed","ping_status":"closed","sticky":false,"template":"","format":"standard","meta":{"footnotes":""},"categories":[12,2,1],"tags":[],"class_list":["post-972","post","type-post","status-publish","format-standard","hentry","category-conciertos","category-eventos","category-general"],"_links":{"self":[{"href":"https:\/\/elsotanoanalogico.com\/index.php\/wp-json\/wp\/v2\/posts\/972","targetHints":{"allow":["GET"]}}],"collection":[{"href":"https:\/\/elsotanoanalogico.com\/index.php\/wp-json\/wp\/v2\/posts"}],"about":[{"href":"https:\/\/elsotanoanalogico.com\/index.php\/wp-json\/wp\/v2\/types\/post"}],"author":[{"embeddable":true,"href":"https:\/\/elsotanoanalogico.com\/index.php\/wp-json\/wp\/v2\/users\/2"}],"replies":[{"embeddable":true,"href":"https:\/\/elsotanoanalogico.com\/index.php\/wp-json\/wp\/v2\/comments?post=972"}],"version-history":[{"count":1,"href":"https:\/\/elsotanoanalogico.com\/index.php\/wp-json\/wp\/v2\/posts\/972\/revisions"}],"predecessor-version":[{"id":974,"href":"https:\/\/elsotanoanalogico.com\/index.php\/wp-json\/wp\/v2\/posts\/972\/revisions\/974"}],"wp:attachment":[{"href":"https:\/\/elsotanoanalogico.com\/index.php\/wp-json\/wp\/v2\/media?parent=972"}],"wp:term":[{"taxonomy":"category","embeddable":true,"href":"https:\/\/elsotanoanalogico.com\/index.php\/wp-json\/wp\/v2\/categories?post=972"},{"taxonomy":"post_tag","embeddable":true,"href":"https:\/\/elsotanoanalogico.com\/index.php\/wp-json\/wp\/v2\/tags?post=972"}],"curies":[{"name":"wp","href":"https:\/\/api.w.org\/{rel}","templated":true}]}}