{"id":980,"date":"2023-10-02T19:27:21","date_gmt":"2023-10-02T18:27:21","guid":{"rendered":"https:\/\/elsotanoanalogico.com\/?p=980"},"modified":"2023-10-02T19:27:21","modified_gmt":"2023-10-02T18:27:21","slug":"luis-quintana-2","status":"publish","type":"post","link":"https:\/\/elsotanoanalogico.com\/index.php\/2023\/10\/02\/luis-quintana-2\/","title":{"rendered":"Luis Quintana"},"content":{"rendered":"\n<figure class=\"wp-block-image size-large is-style-default\"><img loading=\"lazy\" decoding=\"async\" width=\"819\" height=\"1024\" src=\"https:\/\/elsotanoanalogico.com\/wp-content\/uploads\/2023\/10\/Luis-Quintana_photo_2023-10-02-14.32.13-819x1024.jpeg\" alt=\"\" class=\"wp-image-981\" srcset=\"https:\/\/elsotanoanalogico.com\/wp-content\/uploads\/2023\/10\/Luis-Quintana_photo_2023-10-02-14.32.13-819x1024.jpeg 819w, https:\/\/elsotanoanalogico.com\/wp-content\/uploads\/2023\/10\/Luis-Quintana_photo_2023-10-02-14.32.13-240x300.jpeg 240w, https:\/\/elsotanoanalogico.com\/wp-content\/uploads\/2023\/10\/Luis-Quintana_photo_2023-10-02-14.32.13-768x960.jpeg 768w, https:\/\/elsotanoanalogico.com\/wp-content\/uploads\/2023\/10\/Luis-Quintana_photo_2023-10-02-14.32.13.jpeg 1024w\" sizes=\"auto, (max-width: 819px) 100vw, 819px\" \/><\/figure>\n\n\n\n<p>Concierto exclusivo, cercano y aut\u00e9ntico. Solo 22 personas. Un t\u00fa a t\u00fa con las canciones del autor grancanario Luis Quintana con casi 30 a\u00f1os de trayectoria. <br>Viernes 6 de octubre a las 20:00h, puntuales.<br><br>Consigue tu entrada aqu\u00ed: <a href=\"https:\/\/entradium.com\/events\/luis-quintana-en-sotano-analogico\">https:\/\/entradium.com\/events\/luis-quintana-en-sotano-analogico<\/a> <\/p>\n\n\n\n<p><\/p>\n","protected":false},"excerpt":{"rendered":"<p>Concierto exclusivo, cercano y aut\u00e9ntico. Solo 22 personas. Un t\u00fa a t\u00fa con las canciones del autor grancanario Luis Quintana con casi 30 a\u00f1os de trayectoria. Viernes 6 de octubre [&hellip;]<\/p>\n","protected":false},"author":2,"featured_media":0,"comment_status":"closed","ping_status":"closed","sticky":false,"template":"","format":"standard","meta":{"footnotes":""},"categories":[12,1],"tags":[],"class_list":["post-980","post","type-post","status-publish","format-standard","hentry","category-conciertos","category-general"],"_links":{"self":[{"href":"https:\/\/elsotanoanalogico.com\/index.php\/wp-json\/wp\/v2\/posts\/980","targetHints":{"allow":["GET"]}}],"collection":[{"href":"https:\/\/elsotanoanalogico.com\/index.php\/wp-json\/wp\/v2\/posts"}],"about":[{"href":"https:\/\/elsotanoanalogico.com\/index.php\/wp-json\/wp\/v2\/types\/post"}],"author":[{"embeddable":true,"href":"https:\/\/elsotanoanalogico.com\/index.php\/wp-json\/wp\/v2\/users\/2"}],"replies":[{"embeddable":true,"href":"https:\/\/elsotanoanalogico.com\/index.php\/wp-json\/wp\/v2\/comments?post=980"}],"version-history":[{"count":1,"href":"https:\/\/elsotanoanalogico.com\/index.php\/wp-json\/wp\/v2\/posts\/980\/revisions"}],"predecessor-version":[{"id":982,"href":"https:\/\/elsotanoanalogico.com\/index.php\/wp-json\/wp\/v2\/posts\/980\/revisions\/982"}],"wp:attachment":[{"href":"https:\/\/elsotanoanalogico.com\/index.php\/wp-json\/wp\/v2\/media?parent=980"}],"wp:term":[{"taxonomy":"category","embeddable":true,"href":"https:\/\/elsotanoanalogico.com\/index.php\/wp-json\/wp\/v2\/categories?post=980"},{"taxonomy":"post_tag","embeddable":true,"href":"https:\/\/elsotanoanalogico.com\/index.php\/wp-json\/wp\/v2\/tags?post=980"}],"curies":[{"name":"wp","href":"https:\/\/api.w.org\/{rel}","templated":true}]}}