{"id":993,"date":"2023-10-09T14:12:04","date_gmt":"2023-10-09T13:12:04","guid":{"rendered":"https:\/\/elsotanoanalogico.com\/?p=993"},"modified":"2023-10-09T14:15:57","modified_gmt":"2023-10-09T13:15:57","slug":"tony-gonzalez","status":"publish","type":"post","link":"https:\/\/elsotanoanalogico.com\/index.php\/2023\/10\/09\/tony-gonzalez\/","title":{"rendered":"Tony Gonz\u00e1lez"},"content":{"rendered":"\n<figure class=\"wp-block-image size-large is-style-default\"><img loading=\"lazy\" decoding=\"async\" width=\"728\" height=\"1024\" src=\"https:\/\/elsotanoanalogico.com\/wp-content\/uploads\/2023\/10\/rockinverso_tony_gonzalez1-728x1024.jpeg\" alt=\"\" class=\"wp-image-997\" srcset=\"https:\/\/elsotanoanalogico.com\/wp-content\/uploads\/2023\/10\/rockinverso_tony_gonzalez1-728x1024.jpeg 728w, https:\/\/elsotanoanalogico.com\/wp-content\/uploads\/2023\/10\/rockinverso_tony_gonzalez1-213x300.jpeg 213w, https:\/\/elsotanoanalogico.com\/wp-content\/uploads\/2023\/10\/rockinverso_tony_gonzalez1-768x1080.jpeg 768w, https:\/\/elsotanoanalogico.com\/wp-content\/uploads\/2023\/10\/rockinverso_tony_gonzalez1.jpeg 910w\" sizes=\"auto, (max-width: 728px) 100vw, 728px\" \/><\/figure>\n\n\n\n<p>Rockinverso es la uni\u00f3n entre rock, poes\u00eda y letra de autor. Tony Gonz\u00e1lez viene a presentar en un concierto \u00edntimo y personal de su \u00faltimo trabajo: Un Segundo Eterno.<\/p>\n\n\n\n<p>Consigue las entradas aqu\u00ed:<\/p>\n\n\n\n<p><a href=\"http:\/\/entradium.com\/events\/rockinverso\">http:\/\/entradium.com\/events\/rockinverso<\/a><\/p>\n","protected":false},"excerpt":{"rendered":"<p>Rockinverso es la uni\u00f3n entre rock, poes\u00eda y letra de autor. Tony Gonz\u00e1lez viene a presentar en un concierto \u00edntimo y personal de su \u00faltimo trabajo: Un Segundo Eterno. Consigue [&hellip;]<\/p>\n","protected":false},"author":2,"featured_media":0,"comment_status":"closed","ping_status":"closed","sticky":false,"template":"","format":"standard","meta":{"footnotes":""},"categories":[12,2,1],"tags":[],"class_list":["post-993","post","type-post","status-publish","format-standard","hentry","category-conciertos","category-eventos","category-general"],"_links":{"self":[{"href":"https:\/\/elsotanoanalogico.com\/index.php\/wp-json\/wp\/v2\/posts\/993","targetHints":{"allow":["GET"]}}],"collection":[{"href":"https:\/\/elsotanoanalogico.com\/index.php\/wp-json\/wp\/v2\/posts"}],"about":[{"href":"https:\/\/elsotanoanalogico.com\/index.php\/wp-json\/wp\/v2\/types\/post"}],"author":[{"embeddable":true,"href":"https:\/\/elsotanoanalogico.com\/index.php\/wp-json\/wp\/v2\/users\/2"}],"replies":[{"embeddable":true,"href":"https:\/\/elsotanoanalogico.com\/index.php\/wp-json\/wp\/v2\/comments?post=993"}],"version-history":[{"count":5,"href":"https:\/\/elsotanoanalogico.com\/index.php\/wp-json\/wp\/v2\/posts\/993\/revisions"}],"predecessor-version":[{"id":1000,"href":"https:\/\/elsotanoanalogico.com\/index.php\/wp-json\/wp\/v2\/posts\/993\/revisions\/1000"}],"wp:attachment":[{"href":"https:\/\/elsotanoanalogico.com\/index.php\/wp-json\/wp\/v2\/media?parent=993"}],"wp:term":[{"taxonomy":"category","embeddable":true,"href":"https:\/\/elsotanoanalogico.com\/index.php\/wp-json\/wp\/v2\/categories?post=993"},{"taxonomy":"post_tag","embeddable":true,"href":"https:\/\/elsotanoanalogico.com\/index.php\/wp-json\/wp\/v2\/tags?post=993"}],"curies":[{"name":"wp","href":"https:\/\/api.w.org\/{rel}","templated":true}]}}